{"id":6776,"date":"2025-03-25T19:41:26","date_gmt":"2025-03-25T18:41:26","guid":{"rendered":"https:\/\/agora.xtec.cat\/ceiplajota\/?p=6776"},"modified":"2025-03-25T19:46:16","modified_gmt":"2025-03-25T18:46:16","slug":"xxi-certamen-de-lectura-en-veu-alta","status":"publish","type":"post","link":"https:\/\/agora.xtec.cat\/ceiplajota\/general\/xxi-certamen-de-lectura-en-veu-alta\/","title":{"rendered":"XXI Certamen de Lectura en Veu Alta"},"content":{"rendered":"<p>Dilluns 24 de mar\u00e7 l&#8217;Institut Escola La Jota hem participat de nou al Certamen de Lectura en Veu Alta, aquest cop el XXI certamen.<\/p>\n<p>Els nostres representants van ser triats a les classes pels mateixos companys i companyes, un cop realitzades sessions de lectura en veu alta.<\/p>\n<p>El V\u00edctor H.R. va representar cicle mitj\u00e0<a href=\"https:\/\/agora.xtec.cat\/ceiplajota\/wp-content\/uploads\/usu1571\/2025\/03\/Victor.png\"><img loading=\"lazy\" decoding=\"async\" class=\"alignleft wp-image-6778\" src=\"https:\/\/agora.xtec.cat\/ceiplajota\/wp-content\/uploads\/usu1571\/2025\/03\/Victor.png\" alt=\"\" width=\"221\" height=\"367\" srcset=\"https:\/\/agora.xtec.cat\/ceiplajota\/wp-content\/uploads\/usu1571\/2025\/03\/Victor.png 273w, https:\/\/agora.xtec.cat\/ceiplajota\/wp-content\/uploads\/usu1571\/2025\/03\/Victor-181x300.png 181w\" sizes=\"auto, (max-width: 221px) 100vw, 221px\" \/><\/a><\/p>\n<p>&nbsp;<\/p>\n<p>&nbsp;<\/p>\n<p>&nbsp;<\/p>\n<p>&nbsp;<\/p>\n<p>&nbsp;<\/p>\n<p>&nbsp;<\/p>\n<p>&nbsp;<\/p>\n<p>&nbsp;<\/p>\n<p>L&#8217;Arianna del Valle T.D va representar cicle superior <a href=\"https:\/\/agora.xtec.cat\/ceiplajota\/wp-content\/uploads\/usu1571\/2025\/03\/Arianna-2.png\"><img loading=\"lazy\" decoding=\"async\" class=\"alignright wp-image-6779\" src=\"https:\/\/agora.xtec.cat\/ceiplajota\/wp-content\/uploads\/usu1571\/2025\/03\/Arianna-2.png\" alt=\"\" width=\"169\" height=\"340\" srcset=\"https:\/\/agora.xtec.cat\/ceiplajota\/wp-content\/uploads\/usu1571\/2025\/03\/Arianna-2.png 214w, https:\/\/agora.xtec.cat\/ceiplajota\/wp-content\/uploads\/usu1571\/2025\/03\/Arianna-2-149x300.png 149w\" sizes=\"auto, (max-width: 169px) 100vw, 169px\" \/><\/a><\/p>\n<p>&nbsp;<\/p>\n<p>&nbsp;<\/p>\n<p>&nbsp;<\/p>\n<p>&nbsp;<\/p>\n<p>&nbsp;<\/p>\n<p>&nbsp;<\/p>\n<p>&nbsp;<\/p>\n<p>La Tessa V.L. va representar al primer cicle de secund\u00e0ria.<\/p>\n<p><a href=\"https:\/\/agora.xtec.cat\/ceiplajota\/wp-content\/uploads\/usu1571\/2025\/03\/Tessa.png\"><img loading=\"lazy\" decoding=\"async\" class=\"aligncenter wp-image-6780\" src=\"https:\/\/agora.xtec.cat\/ceiplajota\/wp-content\/uploads\/usu1571\/2025\/03\/Tessa.png\" alt=\"\" width=\"197\" height=\"344\" srcset=\"https:\/\/agora.xtec.cat\/ceiplajota\/wp-content\/uploads\/usu1571\/2025\/03\/Tessa.png 315w, https:\/\/agora.xtec.cat\/ceiplajota\/wp-content\/uploads\/usu1571\/2025\/03\/Tessa-172x300.png 172w\" sizes=\"auto, (max-width: 197px) 100vw, 197px\" \/><\/a><\/p>\n<p>El certamen va ser molt interessant i molt disputat. La majoria dels participants tenien un nivell de lectura en veu alta molt elevat, els nostres representants entre ells. Malgrat aix\u00f2 no van ser seleccionats per anar a la final.<\/p>\n<p><a href=\"https:\/\/agora.xtec.cat\/ceiplajota\/wp-content\/uploads\/usu1571\/2025\/03\/participants.png\"><img loading=\"lazy\" decoding=\"async\" class=\"aligncenter size-full wp-image-6781\" src=\"https:\/\/agora.xtec.cat\/ceiplajota\/wp-content\/uploads\/usu1571\/2025\/03\/participants.png\" alt=\"\" width=\"670\" height=\"424\" srcset=\"https:\/\/agora.xtec.cat\/ceiplajota\/wp-content\/uploads\/usu1571\/2025\/03\/participants.png 670w, https:\/\/agora.xtec.cat\/ceiplajota\/wp-content\/uploads\/usu1571\/2025\/03\/participants-300x190.png 300w\" sizes=\"auto, (max-width: 670px) 100vw, 670px\" \/><\/a><\/p>\n<p>Moltes felicitats representants i moltes gr\u00e0cies per fer-ho tan b\u00e9. Gr\u00e0cies fam\u00edlies per la vostra assist\u00e8ncia.<\/p>\n<p><a href=\"https:\/\/agora.xtec.cat\/ceiplajota\/wp-content\/uploads\/usu1571\/2025\/03\/Lectura-en-veu-alta-families.png\"><img loading=\"lazy\" decoding=\"async\" class=\"aligncenter size-full wp-image-6777\" src=\"https:\/\/agora.xtec.cat\/ceiplajota\/wp-content\/uploads\/usu1571\/2025\/03\/Lectura-en-veu-alta-families.png\" alt=\"\" width=\"964\" height=\"256\" srcset=\"https:\/\/agora.xtec.cat\/ceiplajota\/wp-content\/uploads\/usu1571\/2025\/03\/Lectura-en-veu-alta-families.png 964w, https:\/\/agora.xtec.cat\/ceiplajota\/wp-content\/uploads\/usu1571\/2025\/03\/Lectura-en-veu-alta-families-300x80.png 300w, https:\/\/agora.xtec.cat\/ceiplajota\/wp-content\/uploads\/usu1571\/2025\/03\/Lectura-en-veu-alta-families-768x204.png 768w\" sizes=\"auto, (max-width: 964px) 100vw, 964px\" \/><\/a><\/p>\n<p>En aquest enlla\u00e7 trobareu <a href=\"https:\/\/serveiseducatius.xtec.cat\/vallesoccidental7\/general\/semifinal-del-certamen-de-lectura-en-veu-alta-2025\/\" target=\"_blank\" rel=\"noopener\">m\u00e9s informaci\u00f3<\/a><\/p>\n<p><a href=\"https:\/\/agora.xtec.cat\/ceiplajota\/wp-content\/uploads\/usu1571\/2025\/03\/diploma.png\"><img loading=\"lazy\" decoding=\"async\" class=\"aligncenter size-medium wp-image-6783\" src=\"https:\/\/agora.xtec.cat\/ceiplajota\/wp-content\/uploads\/usu1571\/2025\/03\/diploma-300x212.png\" alt=\"\" width=\"300\" height=\"212\" srcset=\"https:\/\/agora.xtec.cat\/ceiplajota\/wp-content\/uploads\/usu1571\/2025\/03\/diploma-300x212.png 300w, https:\/\/agora.xtec.cat\/ceiplajota\/wp-content\/uploads\/usu1571\/2025\/03\/diploma-768x542.png 768w, https:\/\/agora.xtec.cat\/ceiplajota\/wp-content\/uploads\/usu1571\/2025\/03\/diploma.png 937w\" sizes=\"auto, (max-width: 300px) 100vw, 300px\" \/><\/a><\/p>\n","protected":false},"excerpt":{"rendered":"<p>Dilluns 24 de mar\u00e7 l&#8217;Institut Escola La Jota hem participat de nou al Certamen de Lectura en Veu Alta, aquest cop el XXI certamen.<br \/>\nEls nostres representants van ser triats a les classes pels mateixos companys i companyes, un cop realitzades sessions de lectura en veu&hellip;  <a href=\"https:\/\/agora.xtec.cat\/ceiplajota\/general\/xxi-certamen-de-lectura-en-veu-alta\/\" title=\"Read XXI Certamen de Lectura en Veu Alta\">Llegeix m\u00e9s\u00bb<\/a><\/p>\n","protected":false},"author":1,"featured_media":6785,"comment_status":"open","ping_status":"closed","sticky":false,"template":"","format":"standard","meta":{"_bbp_topic_count":0,"_bbp_reply_count":0,"_bbp_total_topic_count":0,"_bbp_total_reply_count":0,"_bbp_voice_count":0,"_bbp_anonymous_reply_count":0,"_bbp_topic_count_hidden":0,"_bbp_reply_count_hidden":0,"_bbp_forum_subforum_count":0,"footnotes":""},"categories":[1],"tags":[],"class_list":["post-6776","post","type-post","status-publish","format-standard","has-post-thumbnail","hentry","category-general"],"post_mailing_queue_ids":[],"_links":{"self":[{"href":"https:\/\/agora.xtec.cat\/ceiplajota\/wp-json\/wp\/v2\/posts\/6776","targetHints":{"allow":["GET"]}}],"collection":[{"href":"https:\/\/agora.xtec.cat\/ceiplajota\/wp-json\/wp\/v2\/posts"}],"about":[{"href":"https:\/\/agora.xtec.cat\/ceiplajota\/wp-json\/wp\/v2\/types\/post"}],"author":[{"embeddable":true,"href":"https:\/\/agora.xtec.cat\/ceiplajota\/wp-json\/wp\/v2\/users\/1"}],"replies":[{"embeddable":true,"href":"https:\/\/agora.xtec.cat\/ceiplajota\/wp-json\/wp\/v2\/comments?post=6776"}],"version-history":[{"count":2,"href":"https:\/\/agora.xtec.cat\/ceiplajota\/wp-json\/wp\/v2\/posts\/6776\/revisions"}],"predecessor-version":[{"id":6784,"href":"https:\/\/agora.xtec.cat\/ceiplajota\/wp-json\/wp\/v2\/posts\/6776\/revisions\/6784"}],"wp:featuredmedia":[{"embeddable":true,"href":"https:\/\/agora.xtec.cat\/ceiplajota\/wp-json\/wp\/v2\/media\/6785"}],"wp:attachment":[{"href":"https:\/\/agora.xtec.cat\/ceiplajota\/wp-json\/wp\/v2\/media?parent=6776"}],"wp:term":[{"taxonomy":"category","embeddable":true,"href":"https:\/\/agora.xtec.cat\/ceiplajota\/wp-json\/wp\/v2\/categories?post=6776"},{"taxonomy":"post_tag","embeddable":true,"href":"https:\/\/agora.xtec.cat\/ceiplajota\/wp-json\/wp\/v2\/tags?post=6776"}],"curies":[{"name":"wp","href":"https:\/\/api.w.org\/{rel}","templated":true}]}}