{"id":6766,"date":"2025-03-21T22:49:03","date_gmt":"2025-03-21T21:49:03","guid":{"rendered":"https:\/\/agora.xtec.cat\/ceiplajota\/?p=6766"},"modified":"2025-03-21T22:49:03","modified_gmt":"2025-03-21T21:49:03","slug":"quart-llegim-poesia","status":"publish","type":"post","link":"https:\/\/agora.xtec.cat\/ceiplajota\/general\/quart-llegim-poesia\/","title":{"rendered":"Quart &#8211; LLEGIM POESIA"},"content":{"rendered":"<p>Bon dia fam\u00edlies de quart,<\/p>\n<p>El dimecres passat, tot i la pluja, els nens i les nenes de quart vam anar a llegir poemes com cada any per a celebrar el Dia Mundial de la Poesia. \u00c9s una activitat molt maca, ja que a trav\u00e9s dels poemes podem aprendre i gaudir d&#8217;altres lleng\u00fces. No sempre \u00e9s f\u00e0cil llegir davant de tothom, per\u00f2 els nostres alumnes s&#8217;han animat i ho han fet genial llegint les seves pr\u00f2pies creacions.<\/p>\n<p>Aqu\u00ed teniu un recull d&#8217;aquest moment:<\/p>\n<h3><a href=\"https:\/\/photos.app.goo.gl\/nAgYJbZ4o5974H7G6\">POESIA<\/a><\/h3>\n","protected":false},"excerpt":{"rendered":"<p>Bon dia fam\u00edlies de quart,<br \/>\nEl dimecres passat, tot i la pluja, els nens i les nenes de quart vam anar a llegir poemes com cada any per a celebrar el Dia Mundial de la Poesia. \u00c9s una activitat molt maca, ja que a trav\u00e9s dels&hellip;  <a href=\"https:\/\/agora.xtec.cat\/ceiplajota\/general\/quart-llegim-poesia\/\" title=\"Read Quart &#8211; LLEGIM POESIA\">Llegeix m\u00e9s\u00bb<\/a><\/p>\n","protected":false},"author":22,"featured_media":6767,"comment_status":"open","ping_status":"closed","sticky":false,"template":"","format":"standard","meta":{"_bbp_topic_count":0,"_bbp_reply_count":0,"_bbp_total_topic_count":0,"_bbp_total_reply_count":0,"_bbp_voice_count":0,"_bbp_anonymous_reply_count":0,"_bbp_topic_count_hidden":0,"_bbp_reply_count_hidden":0,"_bbp_forum_subforum_count":0,"footnotes":""},"categories":[13,1],"tags":[],"class_list":["post-6766","post","type-post","status-publish","format-standard","has-post-thumbnail","hentry","category-4t","category-general"],"post_mailing_queue_ids":[],"_links":{"self":[{"href":"https:\/\/agora.xtec.cat\/ceiplajota\/wp-json\/wp\/v2\/posts\/6766","targetHints":{"allow":["GET"]}}],"collection":[{"href":"https:\/\/agora.xtec.cat\/ceiplajota\/wp-json\/wp\/v2\/posts"}],"about":[{"href":"https:\/\/agora.xtec.cat\/ceiplajota\/wp-json\/wp\/v2\/types\/post"}],"author":[{"embeddable":true,"href":"https:\/\/agora.xtec.cat\/ceiplajota\/wp-json\/wp\/v2\/users\/22"}],"replies":[{"embeddable":true,"href":"https:\/\/agora.xtec.cat\/ceiplajota\/wp-json\/wp\/v2\/comments?post=6766"}],"version-history":[{"count":1,"href":"https:\/\/agora.xtec.cat\/ceiplajota\/wp-json\/wp\/v2\/posts\/6766\/revisions"}],"predecessor-version":[{"id":6768,"href":"https:\/\/agora.xtec.cat\/ceiplajota\/wp-json\/wp\/v2\/posts\/6766\/revisions\/6768"}],"wp:featuredmedia":[{"embeddable":true,"href":"https:\/\/agora.xtec.cat\/ceiplajota\/wp-json\/wp\/v2\/media\/6767"}],"wp:attachment":[{"href":"https:\/\/agora.xtec.cat\/ceiplajota\/wp-json\/wp\/v2\/media?parent=6766"}],"wp:term":[{"taxonomy":"category","embeddable":true,"href":"https:\/\/agora.xtec.cat\/ceiplajota\/wp-json\/wp\/v2\/categories?post=6766"},{"taxonomy":"post_tag","embeddable":true,"href":"https:\/\/agora.xtec.cat\/ceiplajota\/wp-json\/wp\/v2\/tags?post=6766"}],"curies":[{"name":"wp","href":"https:\/\/api.w.org\/{rel}","templated":true}]}}