{"id":6752,"date":"2025-04-02T11:00:07","date_gmt":"2025-04-02T09:00:07","guid":{"rendered":"https:\/\/agora.xtec.cat\/ceiplajota\/?p=6752"},"modified":"2025-03-29T07:33:23","modified_gmt":"2025-03-29T06:33:23","slug":"excursio-olimpiades-dinfantil","status":"publish","type":"post","link":"https:\/\/agora.xtec.cat\/ceiplajota\/general\/excursio-olimpiades-dinfantil\/","title":{"rendered":"Excursi\u00f3 &#8220;Olimpiades d&#8217;Infantil&#8221;"},"content":{"rendered":"<p><a href=\"https:\/\/agora.xtec.cat\/ceiplajota\/wp-content\/uploads\/usu1571\/2025\/03\/GS-1.png\"><img loading=\"lazy\" decoding=\"async\" class=\"alignnone size-full wp-image-6754\" src=\"https:\/\/agora.xtec.cat\/ceiplajota\/wp-content\/uploads\/usu1571\/2025\/03\/GS-1.png\" alt=\"\" width=\"385\" height=\"131\" srcset=\"https:\/\/agora.xtec.cat\/ceiplajota\/wp-content\/uploads\/usu1571\/2025\/03\/GS-1.png 385w, https:\/\/agora.xtec.cat\/ceiplajota\/wp-content\/uploads\/usu1571\/2025\/03\/GS-1-300x102.png 300w\" sizes=\"auto, (max-width: 385px) 100vw, 385px\" \/><\/a><\/p>\n<p>Els nens i les nenes d&#8217;infantil de l&#8217;escola hem marxat d&#8217;excursi\u00f3 al Sabadell Gimn\u00e0stic Club. L&#8217;excursi\u00f3 estava pensada com una activitat m\u00e9s de les moltes que hem estat treballant a l&#8217;escola relacionades amb el monogr\u00e0fic d&#8217;aquest curs &#8220;Les olimp\u00edades&#8221;.<\/p>\n<p>Les sortides es van realitzar 3 dilluns, cada dia va anar un curs diferent.<\/p>\n<p>Voleu veure una mica que vam fer? Cliqueu al dia corresponent.<\/p>\n<p><a href=\"https:\/\/photos.app.goo.gl\/RQNxcvyTQSgEYCRE8\">Dilluns 10 de mar\u00e7<\/a><\/p>\n<p><a href=\"https:\/\/photos.app.goo.gl\/cKsBUVeNkhz9BLMf6\">Dilluns 17 de mar\u00e7<\/a><\/p>\n<p><a href=\"https:\/\/photos.app.goo.gl\/n697MRdXnit5M8uF9\">Dilluns 31 de mar\u00e7<\/a><\/p>\n","protected":false},"excerpt":{"rendered":"<p><a href=\"https:\/\/agora.xtec.cat\/ceiplajota\/wp-content\/uploads\/usu1571\/2025\/03\/GS-1.png\"><\/a><br \/>\nEls nens i les nenes d&#8217;infantil de l&#8217;escola hem marxat d&#8217;excursi\u00f3 al Sabadell Gimn\u00e0stic Club. L&#8217;excursi\u00f3 estava pensada com una activitat m\u00e9s de les moltes que hem estat treballant a l&#8217;escola relacionades amb el monogr\u00e0fic d&#8217;aquest curs &#8220;Les olimp\u00edades&#8221;.<br \/>\nLes sortides es van realitzar 3&hellip;  <a href=\"https:\/\/agora.xtec.cat\/ceiplajota\/general\/excursio-olimpiades-dinfantil\/\" title=\"Read Excursi\u00f3 &#8220;Olimpiades d&#8217;Infantil&#8221;\">Llegeix m\u00e9s\u00bb<\/a><\/p>\n","protected":false},"author":34,"featured_media":0,"comment_status":"closed","ping_status":"closed","sticky":false,"template":"","format":"standard","meta":{"_bbp_topic_count":0,"_bbp_reply_count":0,"_bbp_total_topic_count":0,"_bbp_total_reply_count":0,"_bbp_voice_count":0,"_bbp_anonymous_reply_count":0,"_bbp_topic_count_hidden":0,"_bbp_reply_count_hidden":0,"_bbp_forum_subforum_count":0,"footnotes":""},"categories":[1,2],"tags":[],"class_list":["post-6752","post","type-post","status-publish","format-standard","hentry","category-general","category-infantil"],"post_mailing_queue_ids":[],"_links":{"self":[{"href":"https:\/\/agora.xtec.cat\/ceiplajota\/wp-json\/wp\/v2\/posts\/6752","targetHints":{"allow":["GET"]}}],"collection":[{"href":"https:\/\/agora.xtec.cat\/ceiplajota\/wp-json\/wp\/v2\/posts"}],"about":[{"href":"https:\/\/agora.xtec.cat\/ceiplajota\/wp-json\/wp\/v2\/types\/post"}],"author":[{"embeddable":true,"href":"https:\/\/agora.xtec.cat\/ceiplajota\/wp-json\/wp\/v2\/users\/34"}],"replies":[{"embeddable":true,"href":"https:\/\/agora.xtec.cat\/ceiplajota\/wp-json\/wp\/v2\/comments?post=6752"}],"version-history":[{"count":3,"href":"https:\/\/agora.xtec.cat\/ceiplajota\/wp-json\/wp\/v2\/posts\/6752\/revisions"}],"predecessor-version":[{"id":6802,"href":"https:\/\/agora.xtec.cat\/ceiplajota\/wp-json\/wp\/v2\/posts\/6752\/revisions\/6802"}],"wp:attachment":[{"href":"https:\/\/agora.xtec.cat\/ceiplajota\/wp-json\/wp\/v2\/media?parent=6752"}],"wp:term":[{"taxonomy":"category","embeddable":true,"href":"https:\/\/agora.xtec.cat\/ceiplajota\/wp-json\/wp\/v2\/categories?post=6752"},{"taxonomy":"post_tag","embeddable":true,"href":"https:\/\/agora.xtec.cat\/ceiplajota\/wp-json\/wp\/v2\/tags?post=6752"}],"curies":[{"name":"wp","href":"https:\/\/api.w.org\/{rel}","templated":true}]}}