{"id":6748,"date":"2025-03-21T12:21:22","date_gmt":"2025-03-21T11:21:22","guid":{"rendered":"https:\/\/agora.xtec.cat\/ceiplajota\/?p=6748"},"modified":"2025-03-24T21:01:12","modified_gmt":"2025-03-24T20:01:12","slug":"la-radio-al-pati-de-secundaria","status":"publish","type":"post","link":"https:\/\/agora.xtec.cat\/ceiplajota\/general\/la-radio-al-pati-de-secundaria\/","title":{"rendered":"La r\u00e0dio al pati de secund\u00e0ria"},"content":{"rendered":"<p><span style=\"font-weight: 400;\">El passat divendres, 14 de mar\u00e7, ens va venir a visitar la <strong>Gigi de la Fundaci\u00f3 L\u2019Oreneta<\/strong>, col\u00b7laboradora de R\u00e0dio Badia. Ens visitar\u00e0 cada 15 dies durant l\u2019hora del pati per fer preguntes als nostres joves. Aquesta iniciativa forma part d\u2019un projecte emocionant en qu\u00e8 els alumnes podran participar, expressant les seves opinions sobre temes d\u2019inter\u00e8s actual.<\/span><\/p>\n<p><span style=\"font-weight: 400;\">L\u2019objectiu? Fer preguntes, debatre temes d\u2019inter\u00e8s i, per descomptat, donar lloc a un espai de creaci\u00f3 i expressi\u00f3 on els alumnes podran participar activament.\u00a0<\/span><\/p>\n<p><span style=\"font-weight: 400;\">Amb l\u2019ajuda de la Gigi, els estudiants podran millorar la seva comunicaci\u00f3 i implicar-se en un projecte real. No us perdeu els propers podcasts!<\/span><\/p>\n<p>Estigueu al cas de les pr\u00f2ximes publicacions.<\/p>\n<p><span style=\"font-weight: 400;\"><a href=\"https:\/\/agora.xtec.cat\/ceiplajota\/wp-content\/uploads\/usu1571\/2025\/03\/aadea9b5-d7da-4859-accc-5653d7d23f15-2.jpg\"><img loading=\"lazy\" decoding=\"async\" class=\"alignnone wp-image-6759\" src=\"https:\/\/agora.xtec.cat\/ceiplajota\/wp-content\/uploads\/usu1571\/2025\/03\/aadea9b5-d7da-4859-accc-5653d7d23f15-2-1024x768.jpg\" alt=\"\" width=\"358\" height=\"268\" srcset=\"https:\/\/agora.xtec.cat\/ceiplajota\/wp-content\/uploads\/usu1571\/2025\/03\/aadea9b5-d7da-4859-accc-5653d7d23f15-2-1024x768.jpg 1024w, https:\/\/agora.xtec.cat\/ceiplajota\/wp-content\/uploads\/usu1571\/2025\/03\/aadea9b5-d7da-4859-accc-5653d7d23f15-2-300x225.jpg 300w, https:\/\/agora.xtec.cat\/ceiplajota\/wp-content\/uploads\/usu1571\/2025\/03\/aadea9b5-d7da-4859-accc-5653d7d23f15-2-768x576.jpg 768w, https:\/\/agora.xtec.cat\/ceiplajota\/wp-content\/uploads\/usu1571\/2025\/03\/aadea9b5-d7da-4859-accc-5653d7d23f15-2-1536x1152.jpg 1536w, https:\/\/agora.xtec.cat\/ceiplajota\/wp-content\/uploads\/usu1571\/2025\/03\/aadea9b5-d7da-4859-accc-5653d7d23f15-2-200x150.jpg 200w, https:\/\/agora.xtec.cat\/ceiplajota\/wp-content\/uploads\/usu1571\/2025\/03\/aadea9b5-d7da-4859-accc-5653d7d23f15-2.jpg 2048w\" sizes=\"auto, (max-width: 358px) 100vw, 358px\" \/><\/a> <a href=\"https:\/\/agora.xtec.cat\/ceiplajota\/wp-content\/uploads\/usu1571\/2025\/03\/800ec461-cf2a-4c26-89b6-9038bf20c221-2.jpg\"><img loading=\"lazy\" decoding=\"async\" class=\"alignnone wp-image-6760\" src=\"https:\/\/agora.xtec.cat\/ceiplajota\/wp-content\/uploads\/usu1571\/2025\/03\/800ec461-cf2a-4c26-89b6-9038bf20c221-2-1024x768.jpg\" alt=\"\" width=\"365\" height=\"274\" srcset=\"https:\/\/agora.xtec.cat\/ceiplajota\/wp-content\/uploads\/usu1571\/2025\/03\/800ec461-cf2a-4c26-89b6-9038bf20c221-2-1024x768.jpg 1024w, https:\/\/agora.xtec.cat\/ceiplajota\/wp-content\/uploads\/usu1571\/2025\/03\/800ec461-cf2a-4c26-89b6-9038bf20c221-2-300x225.jpg 300w, https:\/\/agora.xtec.cat\/ceiplajota\/wp-content\/uploads\/usu1571\/2025\/03\/800ec461-cf2a-4c26-89b6-9038bf20c221-2-768x576.jpg 768w, https:\/\/agora.xtec.cat\/ceiplajota\/wp-content\/uploads\/usu1571\/2025\/03\/800ec461-cf2a-4c26-89b6-9038bf20c221-2-1536x1152.jpg 1536w, https:\/\/agora.xtec.cat\/ceiplajota\/wp-content\/uploads\/usu1571\/2025\/03\/800ec461-cf2a-4c26-89b6-9038bf20c221-2-200x150.jpg 200w, https:\/\/agora.xtec.cat\/ceiplajota\/wp-content\/uploads\/usu1571\/2025\/03\/800ec461-cf2a-4c26-89b6-9038bf20c221-2.jpg 2048w\" sizes=\"auto, (max-width: 365px) 100vw, 365px\" \/><\/a> <a href=\"https:\/\/agora.xtec.cat\/ceiplajota\/wp-content\/uploads\/usu1571\/2025\/03\/6e08d5e9-65b3-4922-b720-b9fc68601439.jpg\"><img loading=\"lazy\" decoding=\"async\" class=\"alignnone size-large wp-image-6761\" src=\"https:\/\/agora.xtec.cat\/ceiplajota\/wp-content\/uploads\/usu1571\/2025\/03\/6e08d5e9-65b3-4922-b720-b9fc68601439-1024x768.jpg\" alt=\"\" width=\"1024\" height=\"768\" srcset=\"https:\/\/agora.xtec.cat\/ceiplajota\/wp-content\/uploads\/usu1571\/2025\/03\/6e08d5e9-65b3-4922-b720-b9fc68601439-1024x768.jpg 1024w, https:\/\/agora.xtec.cat\/ceiplajota\/wp-content\/uploads\/usu1571\/2025\/03\/6e08d5e9-65b3-4922-b720-b9fc68601439-300x225.jpg 300w, https:\/\/agora.xtec.cat\/ceiplajota\/wp-content\/uploads\/usu1571\/2025\/03\/6e08d5e9-65b3-4922-b720-b9fc68601439-768x576.jpg 768w, https:\/\/agora.xtec.cat\/ceiplajota\/wp-content\/uploads\/usu1571\/2025\/03\/6e08d5e9-65b3-4922-b720-b9fc68601439-1536x1152.jpg 1536w, https:\/\/agora.xtec.cat\/ceiplajota\/wp-content\/uploads\/usu1571\/2025\/03\/6e08d5e9-65b3-4922-b720-b9fc68601439-200x150.jpg 200w, https:\/\/agora.xtec.cat\/ceiplajota\/wp-content\/uploads\/usu1571\/2025\/03\/6e08d5e9-65b3-4922-b720-b9fc68601439.jpg 2048w\" sizes=\"auto, (max-width: 1024px) 100vw, 1024px\" \/><\/a><\/span><\/p>\n","protected":false},"excerpt":{"rendered":"<p>El passat divendres, 14 de mar\u00e7, ens va venir a visitar la Gigi de la Fundaci\u00f3 L\u2019Oreneta, col\u00b7laboradora de R\u00e0dio Badia. Ens visitar\u00e0 cada 15 dies durant l\u2019hora del pati per fer preguntes als nostres joves. Aquesta iniciativa forma part d\u2019un projecte emocionant en qu\u00e8&hellip;  <a href=\"https:\/\/agora.xtec.cat\/ceiplajota\/general\/la-radio-al-pati-de-secundaria\/\" title=\"Read La r\u00e0dio al pati de secund\u00e0ria\">Llegeix m\u00e9s\u00bb<\/a><\/p>\n","protected":false},"author":37,"featured_media":6773,"comment_status":"open","ping_status":"closed","sticky":false,"template":"","format":"standard","meta":{"_bbp_topic_count":0,"_bbp_reply_count":0,"_bbp_total_topic_count":0,"_bbp_total_reply_count":0,"_bbp_voice_count":0,"_bbp_anonymous_reply_count":0,"_bbp_topic_count_hidden":0,"_bbp_reply_count_hidden":0,"_bbp_forum_subforum_count":0,"footnotes":""},"categories":[1,109],"tags":[],"class_list":["post-6748","post","type-post","status-publish","format-standard","has-post-thumbnail","hentry","category-general","category-secundaria"],"post_mailing_queue_ids":[],"_links":{"self":[{"href":"https:\/\/agora.xtec.cat\/ceiplajota\/wp-json\/wp\/v2\/posts\/6748","targetHints":{"allow":["GET"]}}],"collection":[{"href":"https:\/\/agora.xtec.cat\/ceiplajota\/wp-json\/wp\/v2\/posts"}],"about":[{"href":"https:\/\/agora.xtec.cat\/ceiplajota\/wp-json\/wp\/v2\/types\/post"}],"author":[{"embeddable":true,"href":"https:\/\/agora.xtec.cat\/ceiplajota\/wp-json\/wp\/v2\/users\/37"}],"replies":[{"embeddable":true,"href":"https:\/\/agora.xtec.cat\/ceiplajota\/wp-json\/wp\/v2\/comments?post=6748"}],"version-history":[{"count":5,"href":"https:\/\/agora.xtec.cat\/ceiplajota\/wp-json\/wp\/v2\/posts\/6748\/revisions"}],"predecessor-version":[{"id":6774,"href":"https:\/\/agora.xtec.cat\/ceiplajota\/wp-json\/wp\/v2\/posts\/6748\/revisions\/6774"}],"wp:featuredmedia":[{"embeddable":true,"href":"https:\/\/agora.xtec.cat\/ceiplajota\/wp-json\/wp\/v2\/media\/6773"}],"wp:attachment":[{"href":"https:\/\/agora.xtec.cat\/ceiplajota\/wp-json\/wp\/v2\/media?parent=6748"}],"wp:term":[{"taxonomy":"category","embeddable":true,"href":"https:\/\/agora.xtec.cat\/ceiplajota\/wp-json\/wp\/v2\/categories?post=6748"},{"taxonomy":"post_tag","embeddable":true,"href":"https:\/\/agora.xtec.cat\/ceiplajota\/wp-json\/wp\/v2\/tags?post=6748"}],"curies":[{"name":"wp","href":"https:\/\/api.w.org\/{rel}","templated":true}]}}