{"id":6739,"date":"2025-03-18T10:28:47","date_gmt":"2025-03-18T09:28:47","guid":{"rendered":"https:\/\/agora.xtec.cat\/ceiplajota\/?p=6739"},"modified":"2025-03-18T10:37:26","modified_gmt":"2025-03-18T09:37:26","slug":"cicle-superior-cafe-a-lescola","status":"publish","type":"post","link":"https:\/\/agora.xtec.cat\/ceiplajota\/general\/cicle-superior-cafe-a-lescola\/","title":{"rendered":"CICLE SUPERIOR &#8211; CAF\u00c8 A L&#8217;ESCOLA"},"content":{"rendered":"<p data-start=\"50\" data-end=\"350\">La setmana passada, les fam\u00edlies de Cicle Superior van tenir l&#8217;oportunitat de viure una tarda molt especial gr\u00e0cies a l&#8217;activitat &#8220;Caf\u00e8 a l&#8217;Escola&#8221;. Va ser una jornada pensada per fomentar la participaci\u00f3 de les fam\u00edlies en la vida escolar, afavorint un ambient dist\u00e8s i de proximitat.<\/p>\n<p data-start=\"352\" data-end=\"706\">Durant l&#8217;esdeveniment, pares, mares i altres familiars van poder compartir una estona agradable amb els seus fills i filles, descobrint junts les activitats que es realitzen a l&#8217;aula. Aquesta trobada va ser una oportunitat per con\u00e8ixer m\u00e9s de prop el dia a dia escolar, interactuar amb els mestres i gaudir de moments de qualitat en un ambient acollidor.<\/p>\n<p data-start=\"1058\" data-end=\"1325\">Des de Cicle Superior, volem agrair a totes les fam\u00edlies per la seva participaci\u00f3 i suport. Aquestes activitats s\u00f3n essencials per refor\u00e7ar els vincles entre l&#8217;escola i les fam\u00edlies, i per continuar treballant junts en el benestar i el desenvolupament dels nostres alumnes.<\/p>\n<h4 data-start=\"1058\" data-end=\"1325\"><a href=\"https:\/\/photos.app.goo.gl\/nqyfqFBAHja2H3TJ6\" target=\"_blank\" rel=\"noopener\">Us deixem un recull de fotos aqu\u00ed.<\/a><\/h4>\n","protected":false},"excerpt":{"rendered":"<p>La setmana passada, les fam\u00edlies de Cicle Superior van tenir l&#8217;oportunitat de viure una tarda molt especial gr\u00e0cies a l&#8217;activitat &#8220;Caf\u00e8 a l&#8217;Escola&#8221;. Va ser una jornada pensada per fomentar la participaci\u00f3 de les fam\u00edlies en la vida escolar, afavorint un ambient dist\u00e8s i de&hellip;  <a href=\"https:\/\/agora.xtec.cat\/ceiplajota\/general\/cicle-superior-cafe-a-lescola\/\" title=\"Read CICLE SUPERIOR &#8211; CAF\u00c8 A L&#8217;ESCOLA\">Llegeix m\u00e9s\u00bb<\/a><\/p>\n","protected":false},"author":3,"featured_media":6745,"comment_status":"open","ping_status":"closed","sticky":false,"template":"","format":"standard","meta":{"_bbp_topic_count":0,"_bbp_reply_count":0,"_bbp_total_topic_count":0,"_bbp_total_reply_count":0,"_bbp_voice_count":0,"_bbp_anonymous_reply_count":0,"_bbp_topic_count_hidden":0,"_bbp_reply_count_hidden":0,"_bbp_forum_subforum_count":0,"footnotes":""},"categories":[14,15,1,5],"tags":[],"class_list":["post-6739","post","type-post","status-publish","format-standard","has-post-thumbnail","hentry","category-5e","category-6e","category-general","category-primaria"],"post_mailing_queue_ids":[],"_links":{"self":[{"href":"https:\/\/agora.xtec.cat\/ceiplajota\/wp-json\/wp\/v2\/posts\/6739","targetHints":{"allow":["GET"]}}],"collection":[{"href":"https:\/\/agora.xtec.cat\/ceiplajota\/wp-json\/wp\/v2\/posts"}],"about":[{"href":"https:\/\/agora.xtec.cat\/ceiplajota\/wp-json\/wp\/v2\/types\/post"}],"author":[{"embeddable":true,"href":"https:\/\/agora.xtec.cat\/ceiplajota\/wp-json\/wp\/v2\/users\/3"}],"replies":[{"embeddable":true,"href":"https:\/\/agora.xtec.cat\/ceiplajota\/wp-json\/wp\/v2\/comments?post=6739"}],"version-history":[{"count":2,"href":"https:\/\/agora.xtec.cat\/ceiplajota\/wp-json\/wp\/v2\/posts\/6739\/revisions"}],"predecessor-version":[{"id":6747,"href":"https:\/\/agora.xtec.cat\/ceiplajota\/wp-json\/wp\/v2\/posts\/6739\/revisions\/6747"}],"wp:featuredmedia":[{"embeddable":true,"href":"https:\/\/agora.xtec.cat\/ceiplajota\/wp-json\/wp\/v2\/media\/6745"}],"wp:attachment":[{"href":"https:\/\/agora.xtec.cat\/ceiplajota\/wp-json\/wp\/v2\/media?parent=6739"}],"wp:term":[{"taxonomy":"category","embeddable":true,"href":"https:\/\/agora.xtec.cat\/ceiplajota\/wp-json\/wp\/v2\/categories?post=6739"},{"taxonomy":"post_tag","embeddable":true,"href":"https:\/\/agora.xtec.cat\/ceiplajota\/wp-json\/wp\/v2\/tags?post=6739"}],"curies":[{"name":"wp","href":"https:\/\/api.w.org\/{rel}","templated":true}]}}