{"id":6724,"date":"2025-03-10T16:00:33","date_gmt":"2025-03-10T15:00:33","guid":{"rendered":"https:\/\/agora.xtec.cat\/ceiplajota\/?p=6724"},"modified":"2025-03-16T22:28:45","modified_gmt":"2025-03-16T21:28:45","slug":"cafe-a-lescola-de-secundaria","status":"publish","type":"post","link":"https:\/\/agora.xtec.cat\/ceiplajota\/general\/cafe-a-lescola-de-secundaria\/","title":{"rendered":"Caf\u00e8 a l&#8217;escola de secund\u00e0ria"},"content":{"rendered":"<p><span style=\"font-weight: 400;\">El passat dimecres 5 de mar\u00e7 vam celebrar una nova edici\u00f3 del <\/span><b><i>Caf\u00e8 a l\u2019escola<\/i><\/b><span style=\"font-weight: 400;\">, una activitat que us ha perm\u00e8s\u00a0 con\u00e8ixer de manera directa com treballen els vostres fills a l&#8217;institut. Aquest any, vam comptar amb m\u00e9s assist\u00e8ncia que l&#8217;anterior i va ser una jornada molt especial.<\/span><\/p>\n<p><span style=\"font-weight: 400;\">Les activitats van ser molt variades i van involucrar als alumnes de manera activa. A 1r A, per exemple, els alumnes es van dividir en dos grups: un grup va crear materials per al <\/span><b>rac\u00f3 de la calma<\/b><span style=\"font-weight: 400;\"> utilitzant tubs de PVC i arr\u00f2s, mentre l&#8217;altre va realitzar una pr\u00e0ctica al laboratori. A 1r B, van mostrar el seu projecte de programaci\u00f3 amb <\/span><b>Scratch<\/b><span style=\"font-weight: 400;\">, on creaven una postal interactiva per a <\/span><b>Sant Jordi<\/b><span style=\"font-weight: 400;\">, mentre un altre grup treballava en un projecte lliure en l\u2019\u00e0mbit <\/span><b>tecnol\u00f2gic.<\/b><\/p>\n<p><span style=\"font-weight: 400;\">A 2n, les activitats tamb\u00e9 van ser molt interessants. Un dels grups va adaptar un llibre en una proposta cinematogr\u00e0fica, creant p\u00f2sters i desenvolupant una fitxa de pel\u00b7l\u00edcula, mentre que l\u2019altre va treballar amb activitats de <\/span><b>gamificaci\u00f3<\/b><span style=\"font-weight: 400;\">.<\/span><\/p>\n<p><span style=\"font-weight: 400;\">Espero que us ho pass\u00e9ssiu molt b\u00e9 i us volem agra\u00efm la vostra participaci\u00f3.\u00a0<\/span><\/p>\n<p><span style=\"font-weight: 400;\">Fins a l\u2019any vinent!<\/span><\/p>\n<p><span style=\"font-weight: 400;\"><a href=\"https:\/\/agora.xtec.cat\/ceiplajota\/wp-content\/uploads\/usu1571\/2025\/03\/Captura-de-Pantalla-2025-03-09-a-las-20.42.15.png\"><img loading=\"lazy\" decoding=\"async\" class=\"wp-image-6725 aligncenter\" src=\"https:\/\/agora.xtec.cat\/ceiplajota\/wp-content\/uploads\/usu1571\/2025\/03\/Captura-de-Pantalla-2025-03-09-a-las-20.42.15.png\" alt=\"\" width=\"444\" height=\"316\" srcset=\"https:\/\/agora.xtec.cat\/ceiplajota\/wp-content\/uploads\/usu1571\/2025\/03\/Captura-de-Pantalla-2025-03-09-a-las-20.42.15.png 922w, https:\/\/agora.xtec.cat\/ceiplajota\/wp-content\/uploads\/usu1571\/2025\/03\/Captura-de-Pantalla-2025-03-09-a-las-20.42.15-300x213.png 300w, https:\/\/agora.xtec.cat\/ceiplajota\/wp-content\/uploads\/usu1571\/2025\/03\/Captura-de-Pantalla-2025-03-09-a-las-20.42.15-768x546.png 768w\" sizes=\"auto, (max-width: 444px) 100vw, 444px\" \/><\/a><\/span><\/p>\n","protected":false},"excerpt":{"rendered":"<p>El passat dimecres 5 de mar\u00e7 vam celebrar una nova edici\u00f3 del Caf\u00e8 a l\u2019escola, una activitat que us ha perm\u00e8s\u00a0 con\u00e8ixer de manera directa com treballen els vostres fills a l&#8217;institut. Aquest any, vam comptar amb m\u00e9s assist\u00e8ncia que l&#8217;anterior i va ser una&hellip;  <a href=\"https:\/\/agora.xtec.cat\/ceiplajota\/general\/cafe-a-lescola-de-secundaria\/\" title=\"Read Caf\u00e8 a l&#8217;escola de secund\u00e0ria\">Llegeix m\u00e9s\u00bb<\/a><\/p>\n","protected":false},"author":37,"featured_media":6725,"comment_status":"open","ping_status":"closed","sticky":false,"template":"","format":"standard","meta":{"_bbp_topic_count":0,"_bbp_reply_count":0,"_bbp_total_topic_count":0,"_bbp_total_reply_count":0,"_bbp_voice_count":0,"_bbp_anonymous_reply_count":0,"_bbp_topic_count_hidden":0,"_bbp_reply_count_hidden":0,"_bbp_forum_subforum_count":0,"footnotes":""},"categories":[1,109],"tags":[],"class_list":["post-6724","post","type-post","status-publish","format-standard","has-post-thumbnail","hentry","category-general","category-secundaria"],"post_mailing_queue_ids":[],"_links":{"self":[{"href":"https:\/\/agora.xtec.cat\/ceiplajota\/wp-json\/wp\/v2\/posts\/6724","targetHints":{"allow":["GET"]}}],"collection":[{"href":"https:\/\/agora.xtec.cat\/ceiplajota\/wp-json\/wp\/v2\/posts"}],"about":[{"href":"https:\/\/agora.xtec.cat\/ceiplajota\/wp-json\/wp\/v2\/types\/post"}],"author":[{"embeddable":true,"href":"https:\/\/agora.xtec.cat\/ceiplajota\/wp-json\/wp\/v2\/users\/37"}],"replies":[{"embeddable":true,"href":"https:\/\/agora.xtec.cat\/ceiplajota\/wp-json\/wp\/v2\/comments?post=6724"}],"version-history":[{"count":1,"href":"https:\/\/agora.xtec.cat\/ceiplajota\/wp-json\/wp\/v2\/posts\/6724\/revisions"}],"predecessor-version":[{"id":6726,"href":"https:\/\/agora.xtec.cat\/ceiplajota\/wp-json\/wp\/v2\/posts\/6724\/revisions\/6726"}],"wp:featuredmedia":[{"embeddable":true,"href":"https:\/\/agora.xtec.cat\/ceiplajota\/wp-json\/wp\/v2\/media\/6725"}],"wp:attachment":[{"href":"https:\/\/agora.xtec.cat\/ceiplajota\/wp-json\/wp\/v2\/media?parent=6724"}],"wp:term":[{"taxonomy":"category","embeddable":true,"href":"https:\/\/agora.xtec.cat\/ceiplajota\/wp-json\/wp\/v2\/categories?post=6724"},{"taxonomy":"post_tag","embeddable":true,"href":"https:\/\/agora.xtec.cat\/ceiplajota\/wp-json\/wp\/v2\/tags?post=6724"}],"curies":[{"name":"wp","href":"https:\/\/api.w.org\/{rel}","templated":true}]}}