{"id":6717,"date":"2025-03-13T16:00:09","date_gmt":"2025-03-13T15:00:09","guid":{"rendered":"https:\/\/agora.xtec.cat\/ceiplajota\/?p=6717"},"modified":"2025-03-09T21:16:42","modified_gmt":"2025-03-09T20:16:42","slug":"sortida-dels-alumnes-deso-a-barcelona","status":"publish","type":"post","link":"https:\/\/agora.xtec.cat\/ceiplajota\/general\/sortida-dels-alumnes-deso-a-barcelona\/","title":{"rendered":"Sortida dels alumnes d&#8217;ESO a Barcelona"},"content":{"rendered":"<p style=\"text-align: left;\" data-pm-slice=\"1 1 []\">El passat 24 i 25 de febrer l&#8217;alumnat de 2n d\u2019ESO van anar de sortida a Barcelona. El recorregut va comen\u00e7ar a l&#8217;Arc del Triomf, on els esperava el guia, que els va introduir a la hist\u00f2ria de la ciutat i al desenvolupament del barri g\u00f2tic.<\/p>\n<p style=\"text-align: left;\">Despr\u00e9s, van rec\u00f3rrer carrers estrets i places plenes d&#8217;hist\u00f2ria, descobrint edificis importants com la catedral de Barcelona i els edificis medievals que formen part de la ciutat.<\/p>\n<p style=\"text-align: left;\">La jornada va acabar al parc de la Ciutadella, on els alumnes van poder dinar i passejar-hi pel seu compte. De fet, alguns van gaudir de les barques.<\/p>\n<p style=\"text-align: left;\">Va ser una sortida molt enriquidora, i els alumnes van gaudir molt.<\/p>\n<p>\u00a0 \u00a0 \u00a0<a href=\"https:\/\/agora.xtec.cat\/ceiplajota\/wp-content\/uploads\/usu1571\/2025\/03\/5d006593-a398-493a-aaee-92a4c3ea3689-3-1.jpg\"><img loading=\"lazy\" decoding=\"async\" class=\"alignnone wp-image-6720\" src=\"https:\/\/agora.xtec.cat\/ceiplajota\/wp-content\/uploads\/usu1571\/2025\/03\/5d006593-a398-493a-aaee-92a4c3ea3689-3-1-678x1024.jpg\" alt=\"\" width=\"341\" height=\"515\" srcset=\"https:\/\/agora.xtec.cat\/ceiplajota\/wp-content\/uploads\/usu1571\/2025\/03\/5d006593-a398-493a-aaee-92a4c3ea3689-3-1-678x1024.jpg 678w, https:\/\/agora.xtec.cat\/ceiplajota\/wp-content\/uploads\/usu1571\/2025\/03\/5d006593-a398-493a-aaee-92a4c3ea3689-3-1-198x300.jpg 198w, https:\/\/agora.xtec.cat\/ceiplajota\/wp-content\/uploads\/usu1571\/2025\/03\/5d006593-a398-493a-aaee-92a4c3ea3689-3-1-768x1161.jpg 768w, https:\/\/agora.xtec.cat\/ceiplajota\/wp-content\/uploads\/usu1571\/2025\/03\/5d006593-a398-493a-aaee-92a4c3ea3689-3-1.jpg 921w\" sizes=\"auto, (max-width: 341px) 100vw, 341px\" \/>.\u00a0 \u00a0 \u00a0 \u00a0 \u00a0 \u00a0 \u00a0<\/a><a href=\"https:\/\/agora.xtec.cat\/ceiplajota\/wp-content\/uploads\/usu1571\/2025\/03\/608578ac-65cd-457f-9907-f695397ae859-2.jpg\"><img loading=\"lazy\" decoding=\"async\" class=\"alignnone wp-image-6721\" src=\"https:\/\/agora.xtec.cat\/ceiplajota\/wp-content\/uploads\/usu1571\/2025\/03\/608578ac-65cd-457f-9907-f695397ae859-2-867x1024.jpg\" alt=\"\" width=\"436\" height=\"515\" srcset=\"https:\/\/agora.xtec.cat\/ceiplajota\/wp-content\/uploads\/usu1571\/2025\/03\/608578ac-65cd-457f-9907-f695397ae859-2-867x1024.jpg 867w, https:\/\/agora.xtec.cat\/ceiplajota\/wp-content\/uploads\/usu1571\/2025\/03\/608578ac-65cd-457f-9907-f695397ae859-2-254x300.jpg 254w, https:\/\/agora.xtec.cat\/ceiplajota\/wp-content\/uploads\/usu1571\/2025\/03\/608578ac-65cd-457f-9907-f695397ae859-2-768x907.jpg 768w, https:\/\/agora.xtec.cat\/ceiplajota\/wp-content\/uploads\/usu1571\/2025\/03\/608578ac-65cd-457f-9907-f695397ae859-2-1300x1536.jpg 1300w, https:\/\/agora.xtec.cat\/ceiplajota\/wp-content\/uploads\/usu1571\/2025\/03\/608578ac-65cd-457f-9907-f695397ae859-2.jpg 1500w\" sizes=\"auto, (max-width: 436px) 100vw, 436px\" \/><\/a><\/p>\n","protected":false},"excerpt":{"rendered":"<p>El passat 24 i 25 de febrer l&#8217;alumnat de 2n d\u2019ESO van anar de sortida a Barcelona. El recorregut va comen\u00e7ar a l&#8217;Arc del Triomf, on els esperava el guia, que els va introduir a la hist\u00f2ria de la ciutat i al desenvolupament del barri&hellip;  <a href=\"https:\/\/agora.xtec.cat\/ceiplajota\/general\/sortida-dels-alumnes-deso-a-barcelona\/\" title=\"Read Sortida dels alumnes d&#8217;ESO a Barcelona\">Llegeix m\u00e9s\u00bb<\/a><\/p>\n","protected":false},"author":37,"featured_media":6723,"comment_status":"open","ping_status":"closed","sticky":false,"template":"","format":"standard","meta":{"_bbp_topic_count":0,"_bbp_reply_count":0,"_bbp_total_topic_count":0,"_bbp_total_reply_count":0,"_bbp_voice_count":0,"_bbp_anonymous_reply_count":0,"_bbp_topic_count_hidden":0,"_bbp_reply_count_hidden":0,"_bbp_forum_subforum_count":0,"footnotes":""},"categories":[1,109],"tags":[],"class_list":["post-6717","post","type-post","status-publish","format-standard","has-post-thumbnail","hentry","category-general","category-secundaria"],"post_mailing_queue_ids":[],"_links":{"self":[{"href":"https:\/\/agora.xtec.cat\/ceiplajota\/wp-json\/wp\/v2\/posts\/6717","targetHints":{"allow":["GET"]}}],"collection":[{"href":"https:\/\/agora.xtec.cat\/ceiplajota\/wp-json\/wp\/v2\/posts"}],"about":[{"href":"https:\/\/agora.xtec.cat\/ceiplajota\/wp-json\/wp\/v2\/types\/post"}],"author":[{"embeddable":true,"href":"https:\/\/agora.xtec.cat\/ceiplajota\/wp-json\/wp\/v2\/users\/37"}],"replies":[{"embeddable":true,"href":"https:\/\/agora.xtec.cat\/ceiplajota\/wp-json\/wp\/v2\/comments?post=6717"}],"version-history":[{"count":2,"href":"https:\/\/agora.xtec.cat\/ceiplajota\/wp-json\/wp\/v2\/posts\/6717\/revisions"}],"predecessor-version":[{"id":6727,"href":"https:\/\/agora.xtec.cat\/ceiplajota\/wp-json\/wp\/v2\/posts\/6717\/revisions\/6727"}],"wp:featuredmedia":[{"embeddable":true,"href":"https:\/\/agora.xtec.cat\/ceiplajota\/wp-json\/wp\/v2\/media\/6723"}],"wp:attachment":[{"href":"https:\/\/agora.xtec.cat\/ceiplajota\/wp-json\/wp\/v2\/media?parent=6717"}],"wp:term":[{"taxonomy":"category","embeddable":true,"href":"https:\/\/agora.xtec.cat\/ceiplajota\/wp-json\/wp\/v2\/categories?post=6717"},{"taxonomy":"post_tag","embeddable":true,"href":"https:\/\/agora.xtec.cat\/ceiplajota\/wp-json\/wp\/v2\/tags?post=6717"}],"curies":[{"name":"wp","href":"https:\/\/api.w.org\/{rel}","templated":true}]}}