{"id":6714,"date":"2025-03-10T15:00:07","date_gmt":"2025-03-10T14:00:07","guid":{"rendered":"https:\/\/agora.xtec.cat\/ceiplajota\/?p=6714"},"modified":"2025-03-07T19:01:00","modified_gmt":"2025-03-07T18:01:00","slug":"cicle-inicial-cafe-a-lescola","status":"publish","type":"post","link":"https:\/\/agora.xtec.cat\/ceiplajota\/general\/cicle-inicial-cafe-a-lescola\/","title":{"rendered":"Cicle Inicial- Caf\u00e8 a l&#8217;escola"},"content":{"rendered":"<p data-pm-slice=\"1 1 []\"><a href=\"https:\/\/agora.xtec.cat\/ceiplajota\/wp-content\/uploads\/usu1571\/2025\/03\/cafe-escola.jpg\"><img loading=\"lazy\" decoding=\"async\" class=\"wp-image-6715 aligncenter\" src=\"https:\/\/agora.xtec.cat\/ceiplajota\/wp-content\/uploads\/usu1571\/2025\/03\/cafe-escola-1024x576.jpg\" alt=\"\" width=\"377\" height=\"212\" srcset=\"https:\/\/agora.xtec.cat\/ceiplajota\/wp-content\/uploads\/usu1571\/2025\/03\/cafe-escola-1024x576.jpg 1024w, https:\/\/agora.xtec.cat\/ceiplajota\/wp-content\/uploads\/usu1571\/2025\/03\/cafe-escola-300x169.jpg 300w, https:\/\/agora.xtec.cat\/ceiplajota\/wp-content\/uploads\/usu1571\/2025\/03\/cafe-escola-768x432.jpg 768w, https:\/\/agora.xtec.cat\/ceiplajota\/wp-content\/uploads\/usu1571\/2025\/03\/cafe-escola-1536x864.jpg 1536w, https:\/\/agora.xtec.cat\/ceiplajota\/wp-content\/uploads\/usu1571\/2025\/03\/cafe-escola.jpg 1920w\" sizes=\"auto, (max-width: 377px) 100vw, 377px\" \/><\/a><\/p>\n<p data-pm-slice=\"1 1 []\">Un any m\u00e9s, hem pogut gaudir d&#8217;una tarda amb la millor companyia, les fam\u00edlies dels infants de Cicle Inicial. \u00c9s una tarda especial perqu\u00e8 podeu veure una mostra de les propostes que fem i les podeu compartir amb tots nosaltres.<\/p>\n<p>Totes aquelles fam\u00edlies que heu pogut venir de forma presencial i a les que ens heu acompanyat des de la dist\u00e0ncia, us donem les gr\u00e0cies per confiar en nosaltres. Us esperem el curs vinent!<\/p>\n<p><a href=\"https:\/\/photos.app.goo.gl\/jdv5v4MJ3nBYEWxH6\">Recull de fotos.<\/a><\/p>\n","protected":false},"excerpt":{"rendered":"<p><a href=\"https:\/\/agora.xtec.cat\/ceiplajota\/wp-content\/uploads\/usu1571\/2025\/03\/cafe-escola.jpg\"><\/a><br \/>\nUn any m\u00e9s, hem pogut gaudir d&#8217;una tarda amb la millor companyia, les fam\u00edlies dels infants de Cicle Inicial. \u00c9s una tarda especial perqu\u00e8 podeu veure una mostra de les propostes que fem i les podeu compartir amb tots nosaltres.<br \/>\nTotes aquelles fam\u00edlies que heu&hellip;  <a href=\"https:\/\/agora.xtec.cat\/ceiplajota\/general\/cicle-inicial-cafe-a-lescola\/\" title=\"Read Cicle Inicial- Caf\u00e8 a l&#8217;escola\">Llegeix m\u00e9s\u00bb<\/a><\/p>\n","protected":false},"author":34,"featured_media":6715,"comment_status":"open","ping_status":"closed","sticky":false,"template":"","format":"standard","meta":{"_bbp_topic_count":0,"_bbp_reply_count":0,"_bbp_total_topic_count":0,"_bbp_total_reply_count":0,"_bbp_voice_count":0,"_bbp_anonymous_reply_count":0,"_bbp_topic_count_hidden":0,"_bbp_reply_count_hidden":0,"_bbp_forum_subforum_count":0,"footnotes":""},"categories":[1],"tags":[],"class_list":["post-6714","post","type-post","status-publish","format-standard","has-post-thumbnail","hentry","category-general"],"post_mailing_queue_ids":[],"_links":{"self":[{"href":"https:\/\/agora.xtec.cat\/ceiplajota\/wp-json\/wp\/v2\/posts\/6714","targetHints":{"allow":["GET"]}}],"collection":[{"href":"https:\/\/agora.xtec.cat\/ceiplajota\/wp-json\/wp\/v2\/posts"}],"about":[{"href":"https:\/\/agora.xtec.cat\/ceiplajota\/wp-json\/wp\/v2\/types\/post"}],"author":[{"embeddable":true,"href":"https:\/\/agora.xtec.cat\/ceiplajota\/wp-json\/wp\/v2\/users\/34"}],"replies":[{"embeddable":true,"href":"https:\/\/agora.xtec.cat\/ceiplajota\/wp-json\/wp\/v2\/comments?post=6714"}],"version-history":[{"count":1,"href":"https:\/\/agora.xtec.cat\/ceiplajota\/wp-json\/wp\/v2\/posts\/6714\/revisions"}],"predecessor-version":[{"id":6716,"href":"https:\/\/agora.xtec.cat\/ceiplajota\/wp-json\/wp\/v2\/posts\/6714\/revisions\/6716"}],"wp:featuredmedia":[{"embeddable":true,"href":"https:\/\/agora.xtec.cat\/ceiplajota\/wp-json\/wp\/v2\/media\/6715"}],"wp:attachment":[{"href":"https:\/\/agora.xtec.cat\/ceiplajota\/wp-json\/wp\/v2\/media?parent=6714"}],"wp:term":[{"taxonomy":"category","embeddable":true,"href":"https:\/\/agora.xtec.cat\/ceiplajota\/wp-json\/wp\/v2\/categories?post=6714"},{"taxonomy":"post_tag","embeddable":true,"href":"https:\/\/agora.xtec.cat\/ceiplajota\/wp-json\/wp\/v2\/tags?post=6714"}],"curies":[{"name":"wp","href":"https:\/\/api.w.org\/{rel}","templated":true}]}}