{"id":6711,"date":"2025-03-10T10:00:20","date_gmt":"2025-03-10T09:00:20","guid":{"rendered":"https:\/\/agora.xtec.cat\/ceiplajota\/?p=6711"},"modified":"2025-03-18T21:44:33","modified_gmt":"2025-03-18T20:44:33","slug":"cafe-a-lescola","status":"publish","type":"post","link":"https:\/\/agora.xtec.cat\/ceiplajota\/general\/cafe-a-lescola\/","title":{"rendered":"Caf\u00e9 a l&#8217;escola."},"content":{"rendered":"<p data-pm-slice=\"1 1 []\">Benvolgudes fam\u00edlies, gr\u00e0cies per participar un any m\u00e9s a la proposta del &#8220;Caf\u00e8 a l&#8217;escola&#8221;.<img loading=\"lazy\" decoding=\"async\" class=\"alignright\" src=\"https:\/\/www.novachef.es\/media\/images\/cafe-leche.jpg\" alt=\"Caf\u00e9 con leche, c\u00f3mo hacer el caf\u00e9 perfecto\" width=\"306\" height=\"212\" \/><\/p>\n<p>Divendres a la tarda els nens i nenes d&#8217;infantil, juntament amb vosaltres fam\u00edlies i l&#8217;equip docent, vam fer possible uns moments especials i\u00a0m\u00e0gics. Vam poder compartir una estoneta on vam aprendre i gaudir en fam\u00edlia i amics.<\/p>\n<p>Sense vosaltres no hauria sigut possible, moltes gr\u00e0cies!<\/p>\n<p><a href=\"https:\/\/photos.app.goo.gl\/oa2mdp5acjzM8CAM6\">Aqu\u00ed teniu un petit recull d&#8217;algunes propostes<\/a> que vam fer la tarda de divendres.<\/p>\n","protected":false},"excerpt":{"rendered":"<p>Benvolgudes fam\u00edlies, gr\u00e0cies per participar un any m\u00e9s a la proposta del &#8220;Caf\u00e8 a l&#8217;escola&#8221;.<br \/>\nDivendres a la tarda els nens i nenes d&#8217;infantil, juntament amb vosaltres fam\u00edlies i l&#8217;equip docent, vam fer possible uns moments especials i\u00a0m\u00e0gics. Vam poder compartir una estoneta on vam aprendre&hellip;  <a href=\"https:\/\/agora.xtec.cat\/ceiplajota\/general\/cafe-a-lescola\/\" title=\"Read Caf\u00e9 a l&#8217;escola.\">Llegeix m\u00e9s\u00bb<\/a><\/p>\n","protected":false},"author":34,"featured_media":0,"comment_status":"closed","ping_status":"closed","sticky":false,"template":"","format":"standard","meta":{"_bbp_topic_count":0,"_bbp_reply_count":0,"_bbp_total_topic_count":0,"_bbp_total_reply_count":0,"_bbp_voice_count":0,"_bbp_anonymous_reply_count":0,"_bbp_topic_count_hidden":0,"_bbp_reply_count_hidden":0,"_bbp_forum_subforum_count":0,"footnotes":""},"categories":[1,2],"tags":[],"class_list":["post-6711","post","type-post","status-publish","format-standard","hentry","category-general","category-infantil"],"post_mailing_queue_ids":[],"_links":{"self":[{"href":"https:\/\/agora.xtec.cat\/ceiplajota\/wp-json\/wp\/v2\/posts\/6711","targetHints":{"allow":["GET"]}}],"collection":[{"href":"https:\/\/agora.xtec.cat\/ceiplajota\/wp-json\/wp\/v2\/posts"}],"about":[{"href":"https:\/\/agora.xtec.cat\/ceiplajota\/wp-json\/wp\/v2\/types\/post"}],"author":[{"embeddable":true,"href":"https:\/\/agora.xtec.cat\/ceiplajota\/wp-json\/wp\/v2\/users\/34"}],"replies":[{"embeddable":true,"href":"https:\/\/agora.xtec.cat\/ceiplajota\/wp-json\/wp\/v2\/comments?post=6711"}],"version-history":[{"count":2,"href":"https:\/\/agora.xtec.cat\/ceiplajota\/wp-json\/wp\/v2\/posts\/6711\/revisions"}],"predecessor-version":[{"id":6713,"href":"https:\/\/agora.xtec.cat\/ceiplajota\/wp-json\/wp\/v2\/posts\/6711\/revisions\/6713"}],"wp:attachment":[{"href":"https:\/\/agora.xtec.cat\/ceiplajota\/wp-json\/wp\/v2\/media?parent=6711"}],"wp:term":[{"taxonomy":"category","embeddable":true,"href":"https:\/\/agora.xtec.cat\/ceiplajota\/wp-json\/wp\/v2\/categories?post=6711"},{"taxonomy":"post_tag","embeddable":true,"href":"https:\/\/agora.xtec.cat\/ceiplajota\/wp-json\/wp\/v2\/tags?post=6711"}],"curies":[{"name":"wp","href":"https:\/\/api.w.org\/{rel}","templated":true}]}}