{"id":6703,"date":"2025-02-26T09:45:18","date_gmt":"2025-02-26T08:45:18","guid":{"rendered":"https:\/\/agora.xtec.cat\/ceiplajota\/?p=6703"},"modified":"2025-03-16T22:28:06","modified_gmt":"2025-03-16T21:28:06","slug":"carnestoltes-a-leducacio-infantil","status":"publish","type":"post","link":"https:\/\/agora.xtec.cat\/ceiplajota\/general\/carnestoltes-a-leducacio-infantil\/","title":{"rendered":"Carnestoltes a l&#8217;Institut Escola La Jota"},"content":{"rendered":"<p data-pm-slice=\"1 1 []\"><a href=\"https:\/\/agora.xtec.cat\/ceiplajota\/wp-content\/uploads\/usu1571\/2025\/02\/carnestoltes-1.jpg\"><img loading=\"lazy\" decoding=\"async\" class=\"wp-image-6707 alignright\" src=\"https:\/\/agora.xtec.cat\/ceiplajota\/wp-content\/uploads\/usu1571\/2025\/02\/carnestoltes-1-1024x564.jpg\" alt=\"\" width=\"465\" height=\"256\" srcset=\"https:\/\/agora.xtec.cat\/ceiplajota\/wp-content\/uploads\/usu1571\/2025\/02\/carnestoltes-1-1024x564.jpg 1024w, https:\/\/agora.xtec.cat\/ceiplajota\/wp-content\/uploads\/usu1571\/2025\/02\/carnestoltes-1-300x165.jpg 300w, https:\/\/agora.xtec.cat\/ceiplajota\/wp-content\/uploads\/usu1571\/2025\/02\/carnestoltes-1-768x423.jpg 768w, https:\/\/agora.xtec.cat\/ceiplajota\/wp-content\/uploads\/usu1571\/2025\/02\/carnestoltes-1.jpg 1270w\" sizes=\"auto, (max-width: 465px) 100vw, 465px\" \/><\/a>Benvolgudes fam\u00edlies.<\/p>\n<p>Aquesta setmana \u00e9s una bogeria!. El carnestoltes ha arribat a l&#8217;escola, les seves ordres s\u00f3n ben boges, s\u00f3n uns dies plens d&#8217;alegries, somriures i moments molt originals.<\/p>\n<p>Els nens i nenes d&#8217;Infantil 3, 4 i 5, al llarg de tots aquests dies anirem compartint amb vosaltres alguns d&#8217;aquests moments. Voleu con\u00e8ixer-los?, <a href=\"https:\/\/photos.app.goo.gl\/At2B7ocaByEf3KwH7\">Cliqueu aqu\u00ed.<\/a><\/p>\n<p>L&#8217;alumnat de Cicle Inicial tamb\u00e9 vol compartir amb vosaltres tot all\u00f2 que ha fet aquesta setmana. <a href=\"https:\/\/photos.app.goo.gl\/sifcBDZsntWUwNG36\" target=\"_blank\" rel=\"noopener\">Clica aqu\u00ed.<\/a><\/p>\n<p>Aqu\u00ed trobareu les imatges que compartim de l&#8217;alumnat de Cicle Mitj\u00e0. <a href=\"https:\/\/photos.app.goo.gl\/neoGtJJk5WNJfSok8\" target=\"_blank\" rel=\"noopener\">Clica aqu\u00ed.\u00a0<\/a><\/p>\n<p>Si <a href=\"https:\/\/photos.app.goo.gl\/QtUe1QTcxt2Ujf2v6\" target=\"_blank\" rel=\"noopener\">cliques aqu\u00ed<\/a> veur\u00e0s a Cicle Superior durant aquests dies.<\/p>\n<p>Per veure a 1r i 2n d&#8217;ESO, <a href=\"https:\/\/photos.app.goo.gl\/11K1qKmTeCvNyGEKA\" target=\"_blank\" rel=\"noopener\">clica aqu\u00ed.\u00a0<\/a><\/p>\n<p>&nbsp;<\/p>\n","protected":false},"excerpt":{"rendered":"<p><a href=\"https:\/\/agora.xtec.cat\/ceiplajota\/wp-content\/uploads\/usu1571\/2025\/02\/carnestoltes-1.jpg\"><\/a>Benvolgudes fam\u00edlies.<br \/>\nAquesta setmana \u00e9s una bogeria!. El carnestoltes ha arribat a l&#8217;escola, les seves ordres s\u00f3n ben boges, s\u00f3n uns dies plens d&#8217;alegries, somriures i moments molt originals.<br \/>\nEls nens i nenes d&#8217;Infantil 3, 4 i 5, al llarg de tots aquests dies anirem compartint&hellip;  <a href=\"https:\/\/agora.xtec.cat\/ceiplajota\/general\/carnestoltes-a-leducacio-infantil\/\" title=\"Read Carnestoltes a l&#8217;Institut Escola La Jota\">Llegeix m\u00e9s\u00bb<\/a><\/p>\n","protected":false},"author":34,"featured_media":6707,"comment_status":"closed","ping_status":"closed","sticky":false,"template":"","format":"standard","meta":{"_bbp_topic_count":0,"_bbp_reply_count":0,"_bbp_total_topic_count":0,"_bbp_total_reply_count":0,"_bbp_voice_count":0,"_bbp_anonymous_reply_count":0,"_bbp_topic_count_hidden":0,"_bbp_reply_count_hidden":0,"_bbp_forum_subforum_count":0,"footnotes":""},"categories":[61,1,2],"tags":[],"class_list":["post-6703","post","type-post","status-publish","format-standard","has-post-thumbnail","hentry","category-carnaval","category-general","category-infantil"],"post_mailing_queue_ids":[],"_links":{"self":[{"href":"https:\/\/agora.xtec.cat\/ceiplajota\/wp-json\/wp\/v2\/posts\/6703","targetHints":{"allow":["GET"]}}],"collection":[{"href":"https:\/\/agora.xtec.cat\/ceiplajota\/wp-json\/wp\/v2\/posts"}],"about":[{"href":"https:\/\/agora.xtec.cat\/ceiplajota\/wp-json\/wp\/v2\/types\/post"}],"author":[{"embeddable":true,"href":"https:\/\/agora.xtec.cat\/ceiplajota\/wp-json\/wp\/v2\/users\/34"}],"replies":[{"embeddable":true,"href":"https:\/\/agora.xtec.cat\/ceiplajota\/wp-json\/wp\/v2\/comments?post=6703"}],"version-history":[{"count":5,"href":"https:\/\/agora.xtec.cat\/ceiplajota\/wp-json\/wp\/v2\/posts\/6703\/revisions"}],"predecessor-version":[{"id":6734,"href":"https:\/\/agora.xtec.cat\/ceiplajota\/wp-json\/wp\/v2\/posts\/6703\/revisions\/6734"}],"wp:featuredmedia":[{"embeddable":true,"href":"https:\/\/agora.xtec.cat\/ceiplajota\/wp-json\/wp\/v2\/media\/6707"}],"wp:attachment":[{"href":"https:\/\/agora.xtec.cat\/ceiplajota\/wp-json\/wp\/v2\/media?parent=6703"}],"wp:term":[{"taxonomy":"category","embeddable":true,"href":"https:\/\/agora.xtec.cat\/ceiplajota\/wp-json\/wp\/v2\/categories?post=6703"},{"taxonomy":"post_tag","embeddable":true,"href":"https:\/\/agora.xtec.cat\/ceiplajota\/wp-json\/wp\/v2\/tags?post=6703"}],"curies":[{"name":"wp","href":"https:\/\/api.w.org\/{rel}","templated":true}]}}