{"id":6579,"date":"2025-02-04T23:38:18","date_gmt":"2025-02-04T22:38:18","guid":{"rendered":"https:\/\/agora.xtec.cat\/ceiplajota\/?p=6579"},"modified":"2025-02-04T23:52:11","modified_gmt":"2025-02-04T22:52:11","slug":"cicle-mitja-va-al-museu-olimpic-de-barcelona","status":"publish","type":"post","link":"https:\/\/agora.xtec.cat\/ceiplajota\/general\/cicle-mitja-va-al-museu-olimpic-de-barcelona\/","title":{"rendered":"CICLE MITJ\u00c0 AL MUSEU OL\u00cdMPIC DE BARCELONA"},"content":{"rendered":"<p>Bon dia fam\u00edlies de cicle mitj\u00e0,<\/p>\n<p>Dimarts passat tercer i quart de prim\u00e0ria vam visitar el Museu Ol\u00edmpic. El museu va ser inaugurat l&#8217;any 2007 i ens explica la hist\u00f2ria dels Jocs Ol\u00edmpics des dels seus comen\u00e7aments fins als nostres dies. El primer que vam fer va ser una xerrada sobre les olimp\u00edades al llarg de la hist\u00f2ria amb especial menci\u00f3 als JJ. OO. de Barcelona 92. Despr\u00e9s vam fer una visita per les instal\u00b7lacions del museu on vam poder observar tota una s\u00e8rie d&#8217;articles que s\u00f3n hist\u00f2ria de l&#8217;esport. A una de les sales del museu, vam poder jugar en diferents espais: saltar com els millors atletes i comprovar la nostra resist\u00e8ncia.<\/p>\n<p>Per acabar, vam passejar pels voltants del Palau Sant Jordi on vam dinar gaudint d&#8217;unes vistes espectaculars de la ciutat. Va ser un dia molt complet i molt esportiu!<\/p>\n<p>Aqu\u00ed teniu un recull fotogr\u00e0fic amb els millors moments de la nostra visita\ud83d\udc47\ud83d\udc47\ud83d\udc47\ud83d\udc47\ud83d\udc47<\/p>\n<h3><a href=\"https:\/\/photos.app.goo.gl\/7qpNNzERJSWy5tXh8\">MUSEU OL\u00cdMPIC BARCELONA<\/a><\/h3>\n","protected":false},"excerpt":{"rendered":"<p>Bon dia fam\u00edlies de cicle mitj\u00e0,<br \/>\nDimarts passat tercer i quart de prim\u00e0ria vam visitar el Museu Ol\u00edmpic. El museu va ser inaugurat l&#8217;any 2007 i ens explica la hist\u00f2ria dels Jocs Ol\u00edmpics des dels seus comen\u00e7aments fins als nostres dies. El primer que vam fer&hellip;  <a href=\"https:\/\/agora.xtec.cat\/ceiplajota\/general\/cicle-mitja-va-al-museu-olimpic-de-barcelona\/\" title=\"Read CICLE MITJ\u00c0 AL MUSEU OL\u00cdMPIC DE BARCELONA\">Llegeix m\u00e9s\u00bb<\/a><\/p>\n","protected":false},"author":22,"featured_media":6582,"comment_status":"open","ping_status":"closed","sticky":false,"template":"","format":"standard","meta":{"_bbp_topic_count":0,"_bbp_reply_count":0,"_bbp_total_topic_count":0,"_bbp_total_reply_count":0,"_bbp_voice_count":0,"_bbp_anonymous_reply_count":0,"_bbp_topic_count_hidden":0,"_bbp_reply_count_hidden":0,"_bbp_forum_subforum_count":0,"footnotes":""},"categories":[12,13,1],"tags":[],"class_list":["post-6579","post","type-post","status-publish","format-standard","has-post-thumbnail","hentry","category-3r","category-4t","category-general"],"post_mailing_queue_ids":[],"_links":{"self":[{"href":"https:\/\/agora.xtec.cat\/ceiplajota\/wp-json\/wp\/v2\/posts\/6579","targetHints":{"allow":["GET"]}}],"collection":[{"href":"https:\/\/agora.xtec.cat\/ceiplajota\/wp-json\/wp\/v2\/posts"}],"about":[{"href":"https:\/\/agora.xtec.cat\/ceiplajota\/wp-json\/wp\/v2\/types\/post"}],"author":[{"embeddable":true,"href":"https:\/\/agora.xtec.cat\/ceiplajota\/wp-json\/wp\/v2\/users\/22"}],"replies":[{"embeddable":true,"href":"https:\/\/agora.xtec.cat\/ceiplajota\/wp-json\/wp\/v2\/comments?post=6579"}],"version-history":[{"count":2,"href":"https:\/\/agora.xtec.cat\/ceiplajota\/wp-json\/wp\/v2\/posts\/6579\/revisions"}],"predecessor-version":[{"id":6583,"href":"https:\/\/agora.xtec.cat\/ceiplajota\/wp-json\/wp\/v2\/posts\/6579\/revisions\/6583"}],"wp:featuredmedia":[{"embeddable":true,"href":"https:\/\/agora.xtec.cat\/ceiplajota\/wp-json\/wp\/v2\/media\/6582"}],"wp:attachment":[{"href":"https:\/\/agora.xtec.cat\/ceiplajota\/wp-json\/wp\/v2\/media?parent=6579"}],"wp:term":[{"taxonomy":"category","embeddable":true,"href":"https:\/\/agora.xtec.cat\/ceiplajota\/wp-json\/wp\/v2\/categories?post=6579"},{"taxonomy":"post_tag","embeddable":true,"href":"https:\/\/agora.xtec.cat\/ceiplajota\/wp-json\/wp\/v2\/tags?post=6579"}],"curies":[{"name":"wp","href":"https:\/\/api.w.org\/{rel}","templated":true}]}}