{"id":6575,"date":"2025-01-27T09:56:52","date_gmt":"2025-01-27T08:56:52","guid":{"rendered":"https:\/\/agora.xtec.cat\/ceiplajota\/?p=6575"},"modified":"2025-01-27T09:56:52","modified_gmt":"2025-01-27T08:56:52","slug":"cicle-superior-visita-lentorn-de-montjuic","status":"publish","type":"post","link":"https:\/\/agora.xtec.cat\/ceiplajota\/general\/cicle-superior-visita-lentorn-de-montjuic\/","title":{"rendered":"Cicle Superior visita l&#8217;entorn de Montju\u00efc"},"content":{"rendered":"<p>El passat dimecres, l\u2019alumnat de cicle superior va gaudir d\u2019una sortida a Barcelona. Aquesta activitat, emmarcada dins del tema principal del curs, les Olimp\u00edades, tenia com a objectiu con\u00e8ixer de prop l&#8217;entorn ol\u00edmpic de Montju\u00efc, un espai emblem\u00e0tic que va ser clau durant els Jocs Ol\u00edmpics de 1992.<\/p>\n<p>La jornada va comen\u00e7ar amb una visita al Museu Ol\u00edmpic i de l\u2019Esport, on els i les alumnes van participar en una xerrada introduct\u00f2ria sobre l\u2019olimpisme i amb la visita al museu.<\/p>\n<p>Despr\u00e9s, el grup es va despla\u00e7ar fins a l\u2019Estadi Ol\u00edmpic Llu\u00eds Companys, on van explorar aquest escenari hist\u00f2ric que va acollir les cerim\u00f2nies d\u2019inauguraci\u00f3 i cloenda dels Jocs de 1992. La visita va continuar pels voltants del Palau Sant Jordi, una de les infraestructures esportives m\u00e9s importants de la ciutat, i pels voltants de Montju\u00efc, on van aprendre sobre la import\u00e0ncia d\u2019aquest espai en la transformaci\u00f3 de Barcelona.<\/p>\n<p>Aquesta experi\u00e8ncia ha perm\u00e8s a l\u2019alumnat connectar amb la hist\u00f2ria i els valors de les Olimp\u00edades, alhora que han viscut una jornada educativa, l\u00fadica i divertida.<\/p>\n<h4><a href=\"https:\/\/photos.app.goo.gl\/C4gZWRt2UFh7tzjCA\" target=\"_blank\" rel=\"noopener\">AQU\u00cd US DEIXEM UN RECULL DE FOTOGRAFIES.<\/a><\/h4>\n","protected":false},"excerpt":{"rendered":"<p>El passat dimecres, l\u2019alumnat de cicle superior va gaudir d\u2019una sortida a Barcelona. Aquesta activitat, emmarcada dins del tema principal del curs, les Olimp\u00edades, tenia com a objectiu con\u00e8ixer de prop l&#8217;entorn ol\u00edmpic de Montju\u00efc, un espai emblem\u00e0tic que va ser clau durant els Jocs&hellip;  <a href=\"https:\/\/agora.xtec.cat\/ceiplajota\/general\/cicle-superior-visita-lentorn-de-montjuic\/\" title=\"Read Cicle Superior visita l&#8217;entorn de Montju\u00efc\">Llegeix m\u00e9s\u00bb<\/a><\/p>\n","protected":false},"author":3,"featured_media":6576,"comment_status":"open","ping_status":"closed","sticky":false,"template":"","format":"standard","meta":{"_bbp_topic_count":0,"_bbp_reply_count":0,"_bbp_total_topic_count":0,"_bbp_total_reply_count":0,"_bbp_voice_count":0,"_bbp_anonymous_reply_count":0,"_bbp_topic_count_hidden":0,"_bbp_reply_count_hidden":0,"_bbp_forum_subforum_count":0,"footnotes":""},"categories":[14,15,1,5],"tags":[],"class_list":["post-6575","post","type-post","status-publish","format-standard","has-post-thumbnail","hentry","category-5e","category-6e","category-general","category-primaria"],"post_mailing_queue_ids":[],"_links":{"self":[{"href":"https:\/\/agora.xtec.cat\/ceiplajota\/wp-json\/wp\/v2\/posts\/6575","targetHints":{"allow":["GET"]}}],"collection":[{"href":"https:\/\/agora.xtec.cat\/ceiplajota\/wp-json\/wp\/v2\/posts"}],"about":[{"href":"https:\/\/agora.xtec.cat\/ceiplajota\/wp-json\/wp\/v2\/types\/post"}],"author":[{"embeddable":true,"href":"https:\/\/agora.xtec.cat\/ceiplajota\/wp-json\/wp\/v2\/users\/3"}],"replies":[{"embeddable":true,"href":"https:\/\/agora.xtec.cat\/ceiplajota\/wp-json\/wp\/v2\/comments?post=6575"}],"version-history":[{"count":2,"href":"https:\/\/agora.xtec.cat\/ceiplajota\/wp-json\/wp\/v2\/posts\/6575\/revisions"}],"predecessor-version":[{"id":6578,"href":"https:\/\/agora.xtec.cat\/ceiplajota\/wp-json\/wp\/v2\/posts\/6575\/revisions\/6578"}],"wp:featuredmedia":[{"embeddable":true,"href":"https:\/\/agora.xtec.cat\/ceiplajota\/wp-json\/wp\/v2\/media\/6576"}],"wp:attachment":[{"href":"https:\/\/agora.xtec.cat\/ceiplajota\/wp-json\/wp\/v2\/media?parent=6575"}],"wp:term":[{"taxonomy":"category","embeddable":true,"href":"https:\/\/agora.xtec.cat\/ceiplajota\/wp-json\/wp\/v2\/categories?post=6575"},{"taxonomy":"post_tag","embeddable":true,"href":"https:\/\/agora.xtec.cat\/ceiplajota\/wp-json\/wp\/v2\/tags?post=6575"}],"curies":[{"name":"wp","href":"https:\/\/api.w.org\/{rel}","templated":true}]}}