{"id":6570,"date":"2025-01-21T12:00:50","date_gmt":"2025-01-21T11:00:50","guid":{"rendered":"https:\/\/agora.xtec.cat\/ceiplajota\/?p=6570"},"modified":"2025-01-20T19:37:14","modified_gmt":"2025-01-20T18:37:14","slug":"comencem-els-espais-a-educacio-infantil","status":"publish","type":"post","link":"https:\/\/agora.xtec.cat\/ceiplajota\/general\/comencem-els-espais-a-educacio-infantil\/","title":{"rendered":"Comencem els espais a educaci\u00f3 infantil."},"content":{"rendered":"<p>Dilluns a la tarda els nens i les nenes d&#8217;educaci\u00f3 infantil de l&#8217;escola vam comen\u00e7ar els espais.<\/p>\n<p>Pels nens i nenes d&#8217;I4 i I5 no era tanta sorpresa, ja que altres anys havien fet, per\u00f2 per I3 ha estat tota una novetat.<a href=\"https:\/\/agora.xtec.cat\/ceiplajota\/wp-content\/uploads\/usu1571\/2025\/01\/baixa.jpg\"><img loading=\"lazy\" decoding=\"async\" class=\"size-full wp-image-6571 alignright\" src=\"https:\/\/agora.xtec.cat\/ceiplajota\/wp-content\/uploads\/usu1571\/2025\/01\/baixa.jpg\" alt=\"\" width=\"275\" height=\"183\" \/><\/a><\/p>\n<p>Els infants han gaudit molt, \u00e9s un bon moment per relacionar-se amb nens i nenes d&#8217;altres cursos i fer activitats molt divertides i engrescadores.<\/p>\n<p><a href=\"https:\/\/photos.app.goo.gl\/y1BvPUSsqbjM4nuy8\">Si voleu veure un petit tastet, aqu\u00ed teniu algunes imatges.<\/a><\/p>\n","protected":false},"excerpt":{"rendered":"<p>Dilluns a la tarda els nens i les nenes d&#8217;educaci\u00f3 infantil de l&#8217;escola vam comen\u00e7ar els espais.<br \/>\nPels nens i nenes d&#8217;I4 i I5 no era tanta sorpresa, ja que altres anys havien fet, per\u00f2 per I3 ha estat tota una novetat.<a href=\"https:\/\/agora.xtec.cat\/ceiplajota\/wp-content\/uploads\/usu1571\/2025\/01\/baixa.jpg\"><\/a><br \/>\nEls infants han gaudit&hellip;  <a href=\"https:\/\/agora.xtec.cat\/ceiplajota\/general\/comencem-els-espais-a-educacio-infantil\/\" title=\"Read Comencem els espais a educaci\u00f3 infantil.\">Llegeix m\u00e9s\u00bb<\/a><\/p>\n","protected":false},"author":34,"featured_media":0,"comment_status":"closed","ping_status":"closed","sticky":false,"template":"","format":"standard","meta":{"_bbp_topic_count":0,"_bbp_reply_count":0,"_bbp_total_topic_count":0,"_bbp_total_reply_count":0,"_bbp_voice_count":0,"_bbp_anonymous_reply_count":0,"_bbp_topic_count_hidden":0,"_bbp_reply_count_hidden":0,"_bbp_forum_subforum_count":0,"footnotes":""},"categories":[1,2],"tags":[],"class_list":["post-6570","post","type-post","status-publish","format-standard","hentry","category-general","category-infantil"],"post_mailing_queue_ids":[],"_links":{"self":[{"href":"https:\/\/agora.xtec.cat\/ceiplajota\/wp-json\/wp\/v2\/posts\/6570","targetHints":{"allow":["GET"]}}],"collection":[{"href":"https:\/\/agora.xtec.cat\/ceiplajota\/wp-json\/wp\/v2\/posts"}],"about":[{"href":"https:\/\/agora.xtec.cat\/ceiplajota\/wp-json\/wp\/v2\/types\/post"}],"author":[{"embeddable":true,"href":"https:\/\/agora.xtec.cat\/ceiplajota\/wp-json\/wp\/v2\/users\/34"}],"replies":[{"embeddable":true,"href":"https:\/\/agora.xtec.cat\/ceiplajota\/wp-json\/wp\/v2\/comments?post=6570"}],"version-history":[{"count":1,"href":"https:\/\/agora.xtec.cat\/ceiplajota\/wp-json\/wp\/v2\/posts\/6570\/revisions"}],"predecessor-version":[{"id":6572,"href":"https:\/\/agora.xtec.cat\/ceiplajota\/wp-json\/wp\/v2\/posts\/6570\/revisions\/6572"}],"wp:attachment":[{"href":"https:\/\/agora.xtec.cat\/ceiplajota\/wp-json\/wp\/v2\/media?parent=6570"}],"wp:term":[{"taxonomy":"category","embeddable":true,"href":"https:\/\/agora.xtec.cat\/ceiplajota\/wp-json\/wp\/v2\/categories?post=6570"},{"taxonomy":"post_tag","embeddable":true,"href":"https:\/\/agora.xtec.cat\/ceiplajota\/wp-json\/wp\/v2\/tags?post=6570"}],"curies":[{"name":"wp","href":"https:\/\/api.w.org\/{rel}","templated":true}]}}