{"id":6566,"date":"2025-01-13T08:50:20","date_gmt":"2025-01-13T07:50:20","guid":{"rendered":"https:\/\/agora.xtec.cat\/ceiplajota\/?p=6566"},"modified":"2025-01-11T08:50:42","modified_gmt":"2025-01-11T07:50:42","slug":"regals-de-reis-3","status":"publish","type":"post","link":"https:\/\/agora.xtec.cat\/ceiplajota\/general\/regals-de-reis-3\/","title":{"rendered":"REGALS DE REIS"},"content":{"rendered":"<p>Benvolgudes fam\u00edlies.<\/p>\n<p>Aquesta setmana hem iniciat el segon trimestre i els nens i nenes d&#8217;infantil, en arribar a classe, hem rebut una sorpresa molt agradable. L&#8217;aula estava plena de regals! Com ens ha agradat molt, hem pogut jugar i gaudir de totes les joguines que hi havia a classe.<a href=\"https:\/\/agora.xtec.cat\/ceiplajota\/wp-content\/uploads\/usu1571\/2025\/01\/regals.jpg\"><img loading=\"lazy\" decoding=\"async\" class=\" wp-image-6567 alignright\" src=\"https:\/\/agora.xtec.cat\/ceiplajota\/wp-content\/uploads\/usu1571\/2025\/01\/regals.jpg\" alt=\"\" width=\"253\" height=\"253\" srcset=\"https:\/\/agora.xtec.cat\/ceiplajota\/wp-content\/uploads\/usu1571\/2025\/01\/regals.jpg 200w, https:\/\/agora.xtec.cat\/ceiplajota\/wp-content\/uploads\/usu1571\/2025\/01\/regals-150x150.jpg 150w\" sizes=\"auto, (max-width: 253px) 100vw, 253px\" \/><\/a><\/p>\n<p>A m\u00e9s a m\u00e9s, divendres a la tarda, tamb\u00e9 vam poder portar joguines de casa i la vam compartir amb la resta dels companys i companyes de classe.<\/p>\n<p><a href=\"https:\/\/photos.app.goo.gl\/JBJmM5FSTrJfabsp8\">Aquest nou any 2025 els nens i nenes d&#8217;infantil hem comen\u00e7at el curs d&#8217;una forma genial!<\/a><\/p>\n","protected":false},"excerpt":{"rendered":"<p>Benvolgudes fam\u00edlies.<br \/>\nAquesta setmana hem iniciat el segon trimestre i els nens i nenes d&#8217;infantil, en arribar a classe, hem rebut una sorpresa molt agradable. L&#8217;aula estava plena de regals! Com ens ha agradat molt, hem pogut jugar i gaudir de totes les joguines que hi&hellip;  <a href=\"https:\/\/agora.xtec.cat\/ceiplajota\/general\/regals-de-reis-3\/\" title=\"Read REGALS DE REIS\">Llegeix m\u00e9s\u00bb<\/a><\/p>\n","protected":false},"author":34,"featured_media":6567,"comment_status":"closed","ping_status":"closed","sticky":false,"template":"","format":"standard","meta":{"_bbp_topic_count":0,"_bbp_reply_count":0,"_bbp_total_topic_count":0,"_bbp_total_reply_count":0,"_bbp_voice_count":0,"_bbp_anonymous_reply_count":0,"_bbp_topic_count_hidden":0,"_bbp_reply_count_hidden":0,"_bbp_forum_subforum_count":0,"footnotes":""},"categories":[1,2],"tags":[],"class_list":["post-6566","post","type-post","status-publish","format-standard","has-post-thumbnail","hentry","category-general","category-infantil"],"post_mailing_queue_ids":[],"_links":{"self":[{"href":"https:\/\/agora.xtec.cat\/ceiplajota\/wp-json\/wp\/v2\/posts\/6566","targetHints":{"allow":["GET"]}}],"collection":[{"href":"https:\/\/agora.xtec.cat\/ceiplajota\/wp-json\/wp\/v2\/posts"}],"about":[{"href":"https:\/\/agora.xtec.cat\/ceiplajota\/wp-json\/wp\/v2\/types\/post"}],"author":[{"embeddable":true,"href":"https:\/\/agora.xtec.cat\/ceiplajota\/wp-json\/wp\/v2\/users\/34"}],"replies":[{"embeddable":true,"href":"https:\/\/agora.xtec.cat\/ceiplajota\/wp-json\/wp\/v2\/comments?post=6566"}],"version-history":[{"count":1,"href":"https:\/\/agora.xtec.cat\/ceiplajota\/wp-json\/wp\/v2\/posts\/6566\/revisions"}],"predecessor-version":[{"id":6568,"href":"https:\/\/agora.xtec.cat\/ceiplajota\/wp-json\/wp\/v2\/posts\/6566\/revisions\/6568"}],"wp:featuredmedia":[{"embeddable":true,"href":"https:\/\/agora.xtec.cat\/ceiplajota\/wp-json\/wp\/v2\/media\/6567"}],"wp:attachment":[{"href":"https:\/\/agora.xtec.cat\/ceiplajota\/wp-json\/wp\/v2\/media?parent=6566"}],"wp:term":[{"taxonomy":"category","embeddable":true,"href":"https:\/\/agora.xtec.cat\/ceiplajota\/wp-json\/wp\/v2\/categories?post=6566"},{"taxonomy":"post_tag","embeddable":true,"href":"https:\/\/agora.xtec.cat\/ceiplajota\/wp-json\/wp\/v2\/tags?post=6566"}],"curies":[{"name":"wp","href":"https:\/\/api.w.org\/{rel}","templated":true}]}}