{"id":6508,"date":"2024-12-05T17:00:20","date_gmt":"2024-12-05T16:00:20","guid":{"rendered":"https:\/\/agora.xtec.cat\/ceiplajota\/?p=6508"},"modified":"2024-12-14T21:13:20","modified_gmt":"2024-12-14T20:13:20","slug":"projecte-radio","status":"publish","type":"post","link":"https:\/\/agora.xtec.cat\/ceiplajota\/general\/projecte-radio\/","title":{"rendered":"Projecte R\u00e0dio"},"content":{"rendered":"<p><a href=\"https:\/\/agora.xtec.cat\/ceiplajota\/wp-content\/uploads\/usu1571\/2024\/12\/IMG-20241129-WA0011.jpg\"><img loading=\"lazy\" decoding=\"async\" class=\"aligncenter size-medium wp-image-6509\" src=\"https:\/\/agora.xtec.cat\/ceiplajota\/wp-content\/uploads\/usu1571\/2024\/12\/IMG-20241129-WA0011-300x225.jpg\" alt=\"\" width=\"300\" height=\"225\" srcset=\"https:\/\/agora.xtec.cat\/ceiplajota\/wp-content\/uploads\/usu1571\/2024\/12\/IMG-20241129-WA0011-300x225.jpg 300w, https:\/\/agora.xtec.cat\/ceiplajota\/wp-content\/uploads\/usu1571\/2024\/12\/IMG-20241129-WA0011-1024x768.jpg 1024w, https:\/\/agora.xtec.cat\/ceiplajota\/wp-content\/uploads\/usu1571\/2024\/12\/IMG-20241129-WA0011-768x576.jpg 768w, https:\/\/agora.xtec.cat\/ceiplajota\/wp-content\/uploads\/usu1571\/2024\/12\/IMG-20241129-WA0011-1536x1152.jpg 1536w, https:\/\/agora.xtec.cat\/ceiplajota\/wp-content\/uploads\/usu1571\/2024\/12\/IMG-20241129-WA0011-200x150.jpg 200w, https:\/\/agora.xtec.cat\/ceiplajota\/wp-content\/uploads\/usu1571\/2024\/12\/IMG-20241129-WA0011.jpg 2048w\" sizes=\"auto, (max-width: 300px) 100vw, 300px\" \/><\/a><\/p>\n<p>L&#8217;alumnat de secund\u00e0ria ja treballa amb el nou equip audiovisual a dins l&#8217;optativa de R\u00e0dio. En aquesta mat\u00e8ria, desenvolupen les compet\u00e8ncies comunicatives i ling\u00fc\u00edstiques adherides als diferents \u00e0mbits de l&#8217;etapa.<\/p>\n<p><a href=\"https:\/\/agora.xtec.cat\/ceiplajota\/wp-content\/uploads\/usu1571\/2024\/12\/IMG-20241129-WA0009.jpg\"><img loading=\"lazy\" decoding=\"async\" class=\"size-medium wp-image-6510 alignleft\" src=\"https:\/\/agora.xtec.cat\/ceiplajota\/wp-content\/uploads\/usu1571\/2024\/12\/IMG-20241129-WA0009-300x225.jpg\" alt=\"\" width=\"300\" height=\"225\" srcset=\"https:\/\/agora.xtec.cat\/ceiplajota\/wp-content\/uploads\/usu1571\/2024\/12\/IMG-20241129-WA0009-300x225.jpg 300w, https:\/\/agora.xtec.cat\/ceiplajota\/wp-content\/uploads\/usu1571\/2024\/12\/IMG-20241129-WA0009-1024x768.jpg 1024w, https:\/\/agora.xtec.cat\/ceiplajota\/wp-content\/uploads\/usu1571\/2024\/12\/IMG-20241129-WA0009-768x576.jpg 768w, https:\/\/agora.xtec.cat\/ceiplajota\/wp-content\/uploads\/usu1571\/2024\/12\/IMG-20241129-WA0009-1536x1152.jpg 1536w, https:\/\/agora.xtec.cat\/ceiplajota\/wp-content\/uploads\/usu1571\/2024\/12\/IMG-20241129-WA0009-200x150.jpg 200w, https:\/\/agora.xtec.cat\/ceiplajota\/wp-content\/uploads\/usu1571\/2024\/12\/IMG-20241129-WA0009.jpg 2048w\" sizes=\"auto, (max-width: 300px) 100vw, 300px\" \/><\/a><\/p>\n<p>Les optatives ens permeten treballar amb grups redu\u00efts que poden ser gestionats i distribu\u00efts per a aquestes activitats amb necessitats de material i desenvolupament complex. Per a l&#8217;alumnat, \u00e9s una oportunitat de treballar aspectes molt diferents a les mat\u00e8ries convencionals i posar en pr\u00e0ctica les seves habilitats en diferents entorns i situacions.<\/p>\n<p>&nbsp;<\/p>\n<p>&nbsp;<\/p>\n<p>Aquestes mat\u00e8ries donen al centre un valor afegit al seu desenvolupament i permet oferir nous aprenentatges i motivacions a l&#8217;alumnat i treballar algunes compet\u00e8ncies de manera transversal.<\/p>\n<p><a href=\"https:\/\/agora.xtec.cat\/ceiplajota\/wp-content\/uploads\/usu1571\/2024\/12\/IMG-20241129-WA0010.jpg\"><img loading=\"lazy\" decoding=\"async\" class=\"aligncenter size-medium wp-image-6511\" src=\"https:\/\/agora.xtec.cat\/ceiplajota\/wp-content\/uploads\/usu1571\/2024\/12\/IMG-20241129-WA0010-209x300.jpg\" alt=\"\" width=\"209\" height=\"300\" srcset=\"https:\/\/agora.xtec.cat\/ceiplajota\/wp-content\/uploads\/usu1571\/2024\/12\/IMG-20241129-WA0010-209x300.jpg 209w, https:\/\/agora.xtec.cat\/ceiplajota\/wp-content\/uploads\/usu1571\/2024\/12\/IMG-20241129-WA0010-714x1024.jpg 714w, https:\/\/agora.xtec.cat\/ceiplajota\/wp-content\/uploads\/usu1571\/2024\/12\/IMG-20241129-WA0010-768x1101.jpg 768w, https:\/\/agora.xtec.cat\/ceiplajota\/wp-content\/uploads\/usu1571\/2024\/12\/IMG-20241129-WA0010-1071x1536.jpg 1071w, https:\/\/agora.xtec.cat\/ceiplajota\/wp-content\/uploads\/usu1571\/2024\/12\/IMG-20241129-WA0010.jpg 1428w\" sizes=\"auto, (max-width: 209px) 100vw, 209px\" \/><\/a><\/p>\n","protected":false},"excerpt":{"rendered":"<p><a href=\"https:\/\/agora.xtec.cat\/ceiplajota\/wp-content\/uploads\/usu1571\/2024\/12\/IMG-20241129-WA0011.jpg\"><\/a><br \/>\nL&#8217;alumnat de secund\u00e0ria ja treballa amb el nou equip audiovisual a dins l&#8217;optativa de R\u00e0dio. En aquesta mat\u00e8ria, desenvolupen les compet\u00e8ncies comunicatives i ling\u00fc\u00edstiques adherides als diferents \u00e0mbits de l&#8217;etapa.<br \/>\n<a href=\"https:\/\/agora.xtec.cat\/ceiplajota\/wp-content\/uploads\/usu1571\/2024\/12\/IMG-20241129-WA0009.jpg\"><\/a><br \/>\nLes optatives ens permeten treballar amb grups redu\u00efts que poden ser gestionats i distribu\u00efts&hellip;  <a href=\"https:\/\/agora.xtec.cat\/ceiplajota\/general\/projecte-radio\/\" title=\"Read Projecte R\u00e0dio\">Llegeix m\u00e9s\u00bb<\/a><\/p>\n","protected":false},"author":1,"featured_media":6515,"comment_status":"closed","ping_status":"closed","sticky":false,"template":"","format":"standard","meta":{"_bbp_topic_count":0,"_bbp_reply_count":0,"_bbp_total_topic_count":0,"_bbp_total_reply_count":0,"_bbp_voice_count":0,"_bbp_anonymous_reply_count":0,"_bbp_topic_count_hidden":0,"_bbp_reply_count_hidden":0,"_bbp_forum_subforum_count":0,"footnotes":""},"categories":[1,109],"tags":[19,110],"class_list":["post-6508","post","type-post","status-publish","format-standard","has-post-thumbnail","hentry","category-general","category-secundaria","tag-audiovisuals","tag-secundaria"],"post_mailing_queue_ids":[],"_links":{"self":[{"href":"https:\/\/agora.xtec.cat\/ceiplajota\/wp-json\/wp\/v2\/posts\/6508","targetHints":{"allow":["GET"]}}],"collection":[{"href":"https:\/\/agora.xtec.cat\/ceiplajota\/wp-json\/wp\/v2\/posts"}],"about":[{"href":"https:\/\/agora.xtec.cat\/ceiplajota\/wp-json\/wp\/v2\/types\/post"}],"author":[{"embeddable":true,"href":"https:\/\/agora.xtec.cat\/ceiplajota\/wp-json\/wp\/v2\/users\/1"}],"replies":[{"embeddable":true,"href":"https:\/\/agora.xtec.cat\/ceiplajota\/wp-json\/wp\/v2\/comments?post=6508"}],"version-history":[{"count":1,"href":"https:\/\/agora.xtec.cat\/ceiplajota\/wp-json\/wp\/v2\/posts\/6508\/revisions"}],"predecessor-version":[{"id":6512,"href":"https:\/\/agora.xtec.cat\/ceiplajota\/wp-json\/wp\/v2\/posts\/6508\/revisions\/6512"}],"wp:featuredmedia":[{"embeddable":true,"href":"https:\/\/agora.xtec.cat\/ceiplajota\/wp-json\/wp\/v2\/media\/6515"}],"wp:attachment":[{"href":"https:\/\/agora.xtec.cat\/ceiplajota\/wp-json\/wp\/v2\/media?parent=6508"}],"wp:term":[{"taxonomy":"category","embeddable":true,"href":"https:\/\/agora.xtec.cat\/ceiplajota\/wp-json\/wp\/v2\/categories?post=6508"},{"taxonomy":"post_tag","embeddable":true,"href":"https:\/\/agora.xtec.cat\/ceiplajota\/wp-json\/wp\/v2\/tags?post=6508"}],"curies":[{"name":"wp","href":"https:\/\/api.w.org\/{rel}","templated":true}]}}