{"id":6482,"date":"2024-11-26T10:29:52","date_gmt":"2024-11-26T09:29:52","guid":{"rendered":"https:\/\/agora.xtec.cat\/ceiplajota\/?p=6482"},"modified":"2024-11-28T09:58:57","modified_gmt":"2024-11-28T08:58:57","slug":"setmana-europea-de-prevencio-de-residus-a-cicle-superior","status":"publish","type":"post","link":"https:\/\/agora.xtec.cat\/ceiplajota\/general\/setmana-europea-de-prevencio-de-residus-a-cicle-superior\/","title":{"rendered":"SETMANA EUROPEA DE PREVENCI\u00d3 DE RESIDUS A CICLE SUPERIOR"},"content":{"rendered":"<p><a href=\"https:\/\/agora.xtec.cat\/ceiplajota\/wp-content\/uploads\/usu1571\/2024\/11\/setmana.jpg\"><img loading=\"lazy\" decoding=\"async\" class=\"wp-image-6483 aligncenter\" src=\"https:\/\/agora.xtec.cat\/ceiplajota\/wp-content\/uploads\/usu1571\/2024\/11\/setmana.jpg\" alt=\"\" width=\"412\" height=\"232\" srcset=\"https:\/\/agora.xtec.cat\/ceiplajota\/wp-content\/uploads\/usu1571\/2024\/11\/setmana.jpg 760w, https:\/\/agora.xtec.cat\/ceiplajota\/wp-content\/uploads\/usu1571\/2024\/11\/setmana-300x169.jpg 300w\" sizes=\"auto, (max-width: 412px) 100vw, 412px\" \/><\/a>La <strong>Setmana Europea de la Prevenci\u00f3 de Residus<\/strong> \u00e9s una iniciativa que se celebra cada any per conscienciar la poblaci\u00f3 sobre la import\u00e0ncia de reduir la quantitat de residus que generem. Aquesta campanya busca promoure h\u00e0bits m\u00e9s sostenibles i responsables per contribuir a la protecci\u00f3 del medi ambient.<\/p>\n<p>L&#8217;objectiu principal \u00e9s minimitzar la generaci\u00f3 de residus i mostrar que, amb petits canvis en la nostra vida quotidiana, podem fer una gran difer\u00e8ncia. Els principals eixos d&#8217;aquesta campanya s\u00f3n:<\/p>\n<ol>\n<li><strong>Reduir<\/strong>: Consisteix en evitar la generaci\u00f3 de residus des del principi. Aix\u00f2 es pot aconseguir comprant nom\u00e9s all\u00f2 que necessitem, evitant els productes d&#8217;un sol \u00fas o triant envasos reutilitzables.<\/li>\n<li><strong>Reutilitzar<\/strong>: Abans de llen\u00e7ar qualsevol cosa, hem de pensar si es pot tornar a utilitzar o donar una segona vida a objectes que ja no fem servir. Aix\u00f2 inclou donar roba, reparar aparells o reutilitzar materials.<\/li>\n<li><strong>Reciclar<\/strong>: Quan un producte ja no es pot reutilitzar, \u00e9s important separar-lo correctament per garantir que els materials es reciclin de manera adequada i puguin convertir-se en nous productes.<\/li>\n<\/ol>\n<p>&nbsp;<\/p>\n<p>Aquest any a Cicle Superior hem dissenyat un <strong>Boc&#8217;n&#8217;Roll<\/strong>, una alternativa sostenible als embolcalls d&#8217;un sol \u00fas per portar l&#8217;esmorzar o l&#8217;entrep\u00e0. Aquest projecte forma part del nostre comprom\u00eds amb la reducci\u00f3 de residus i la protecci\u00f3 del medi ambient.<\/p>\n<p>Per visualitzar les fotos del proc\u00e8s de creaci\u00f3 feu clic a la imatge.<\/p>\n<p><a href=\"https:\/\/photos.google.com\/share\/AF1QipO50sbi9hg_wsNyuTSdbUk3KVDYuwC63rgKRidIl76KXEy2sohtJ3QtZJl7ZJa1nQ?key=RjZKMjVYVThxSUtZVE9neDAxX0p1bWZGQnhPLVZ3\" target=\"_blank\" rel=\"noopener\"><img loading=\"lazy\" decoding=\"async\" class=\"alignnone wp-image-6484\" src=\"https:\/\/agora.xtec.cat\/ceiplajota\/wp-content\/uploads\/usu1571\/2024\/11\/733927FD-5281-4C6A-8A1C-802FBF7F1BE31-1024x576.jpg\" alt=\"\" width=\"361\" height=\"203\" srcset=\"https:\/\/agora.xtec.cat\/ceiplajota\/wp-content\/uploads\/usu1571\/2024\/11\/733927FD-5281-4C6A-8A1C-802FBF7F1BE31-1024x576.jpg 1024w, https:\/\/agora.xtec.cat\/ceiplajota\/wp-content\/uploads\/usu1571\/2024\/11\/733927FD-5281-4C6A-8A1C-802FBF7F1BE31-300x169.jpg 300w, https:\/\/agora.xtec.cat\/ceiplajota\/wp-content\/uploads\/usu1571\/2024\/11\/733927FD-5281-4C6A-8A1C-802FBF7F1BE31-768x432.jpg 768w, https:\/\/agora.xtec.cat\/ceiplajota\/wp-content\/uploads\/usu1571\/2024\/11\/733927FD-5281-4C6A-8A1C-802FBF7F1BE31-1536x864.jpg 1536w, https:\/\/agora.xtec.cat\/ceiplajota\/wp-content\/uploads\/usu1571\/2024\/11\/733927FD-5281-4C6A-8A1C-802FBF7F1BE31-2048x1152.jpg 2048w\" sizes=\"auto, (max-width: 361px) 100vw, 361px\" \/><\/a><\/p>\n","protected":false},"excerpt":{"rendered":"<p><a href=\"https:\/\/agora.xtec.cat\/ceiplajota\/wp-content\/uploads\/usu1571\/2024\/11\/setmana.jpg\"><\/a>La Setmana Europea de la Prevenci\u00f3 de Residus \u00e9s una iniciativa que se celebra cada any per conscienciar la poblaci\u00f3 sobre la import\u00e0ncia de reduir la quantitat de residus que generem. Aquesta campanya busca promoure h\u00e0bits m\u00e9s sostenibles i responsables per contribuir a la&hellip;  <a href=\"https:\/\/agora.xtec.cat\/ceiplajota\/general\/setmana-europea-de-prevencio-de-residus-a-cicle-superior\/\" title=\"Read SETMANA EUROPEA DE PREVENCI\u00d3 DE RESIDUS A CICLE SUPERIOR\">Llegeix m\u00e9s\u00bb<\/a><\/p>\n","protected":false},"author":3,"featured_media":6483,"comment_status":"open","ping_status":"closed","sticky":false,"template":"","format":"standard","meta":{"_bbp_topic_count":0,"_bbp_reply_count":0,"_bbp_total_topic_count":0,"_bbp_total_reply_count":0,"_bbp_voice_count":0,"_bbp_anonymous_reply_count":0,"_bbp_topic_count_hidden":0,"_bbp_reply_count_hidden":0,"_bbp_forum_subforum_count":0,"footnotes":""},"categories":[14,15,1,5],"tags":[],"class_list":["post-6482","post","type-post","status-publish","format-standard","has-post-thumbnail","hentry","category-5e","category-6e","category-general","category-primaria"],"post_mailing_queue_ids":[],"_links":{"self":[{"href":"https:\/\/agora.xtec.cat\/ceiplajota\/wp-json\/wp\/v2\/posts\/6482","targetHints":{"allow":["GET"]}}],"collection":[{"href":"https:\/\/agora.xtec.cat\/ceiplajota\/wp-json\/wp\/v2\/posts"}],"about":[{"href":"https:\/\/agora.xtec.cat\/ceiplajota\/wp-json\/wp\/v2\/types\/post"}],"author":[{"embeddable":true,"href":"https:\/\/agora.xtec.cat\/ceiplajota\/wp-json\/wp\/v2\/users\/3"}],"replies":[{"embeddable":true,"href":"https:\/\/agora.xtec.cat\/ceiplajota\/wp-json\/wp\/v2\/comments?post=6482"}],"version-history":[{"count":3,"href":"https:\/\/agora.xtec.cat\/ceiplajota\/wp-json\/wp\/v2\/posts\/6482\/revisions"}],"predecessor-version":[{"id":6501,"href":"https:\/\/agora.xtec.cat\/ceiplajota\/wp-json\/wp\/v2\/posts\/6482\/revisions\/6501"}],"wp:featuredmedia":[{"embeddable":true,"href":"https:\/\/agora.xtec.cat\/ceiplajota\/wp-json\/wp\/v2\/media\/6483"}],"wp:attachment":[{"href":"https:\/\/agora.xtec.cat\/ceiplajota\/wp-json\/wp\/v2\/media?parent=6482"}],"wp:term":[{"taxonomy":"category","embeddable":true,"href":"https:\/\/agora.xtec.cat\/ceiplajota\/wp-json\/wp\/v2\/categories?post=6482"},{"taxonomy":"post_tag","embeddable":true,"href":"https:\/\/agora.xtec.cat\/ceiplajota\/wp-json\/wp\/v2\/tags?post=6482"}],"curies":[{"name":"wp","href":"https:\/\/api.w.org\/{rel}","templated":true}]}}