{"id":6480,"date":"2024-11-27T19:56:20","date_gmt":"2024-11-27T18:56:20","guid":{"rendered":"https:\/\/agora.xtec.cat\/ceiplajota\/?p=6480"},"modified":"2024-11-27T20:00:59","modified_gmt":"2024-11-27T19:00:59","slug":"sortida-de-leso-a-montcau-la-mola","status":"publish","type":"post","link":"https:\/\/agora.xtec.cat\/ceiplajota\/general\/sortida-de-leso-a-montcau-la-mola\/","title":{"rendered":"Sortida de l&#8217;ESO a Montcau &#8211; La Mola"},"content":{"rendered":"<p><a href=\"https:\/\/agora.xtec.cat\/ceiplajota\/wp-content\/uploads\/usu1571\/2024\/11\/IMG-20241122-WA0072.jpg\"><img loading=\"lazy\" decoding=\"async\" class=\"aligncenter wp-image-6494\" src=\"https:\/\/agora.xtec.cat\/ceiplajota\/wp-content\/uploads\/usu1571\/2024\/11\/IMG-20241122-WA0072-300x225.jpg\" alt=\"\" width=\"352\" height=\"264\" srcset=\"https:\/\/agora.xtec.cat\/ceiplajota\/wp-content\/uploads\/usu1571\/2024\/11\/IMG-20241122-WA0072-300x225.jpg 300w, https:\/\/agora.xtec.cat\/ceiplajota\/wp-content\/uploads\/usu1571\/2024\/11\/IMG-20241122-WA0072-1024x768.jpg 1024w, https:\/\/agora.xtec.cat\/ceiplajota\/wp-content\/uploads\/usu1571\/2024\/11\/IMG-20241122-WA0072-768x576.jpg 768w, https:\/\/agora.xtec.cat\/ceiplajota\/wp-content\/uploads\/usu1571\/2024\/11\/IMG-20241122-WA0072-1536x1152.jpg 1536w, https:\/\/agora.xtec.cat\/ceiplajota\/wp-content\/uploads\/usu1571\/2024\/11\/IMG-20241122-WA0072-200x150.jpg 200w, https:\/\/agora.xtec.cat\/ceiplajota\/wp-content\/uploads\/usu1571\/2024\/11\/IMG-20241122-WA0072.jpg 1600w\" sizes=\"auto, (max-width: 352px) 100vw, 352px\" \/><\/a><\/p>\n<p>&nbsp;<\/p>\n<p>L&#8217;alumnat de <strong>secund\u00e0ria<\/strong> ha anat el dia 22 de novembre 2024 al Montcau &#8211; La Mola. L&#8217;excursi\u00f3 es va iniciar a l&#8217;aparcament del Coll d&#8217;Estenalles, amb una caminada de senderisme fins al Morral del drac, i finalment retorn a l&#8217;autocar amb ascens al Montcau. En total es van rec\u00f2rrer 8,3km amb \u00e8xit de tothom.<\/p>\n<p>L&#8217;excursi\u00f3 estava inclosa dins la mat\u00e8ria d&#8217;Educaci\u00f3 F\u00edsica en el medi natural, i es va valorar les compet\u00e8ncies en orientaci\u00f3 i identificaci\u00f3 d&#8217;elements en un mapa.<\/p>\n<p>Per veure totes les fotografies; seguiu aquest enlla\u00e7.<\/p>\n<p><a href=\"https:\/\/photos.app.goo.gl\/EK4GDjhxCboDeMrq7\">https:\/\/photos.app.goo.gl\/EK4GDjhxCboDeMrq7<\/a><\/p>\n<p>&nbsp;<\/p>\n","protected":false},"excerpt":{"rendered":"<p><a href=\"https:\/\/agora.xtec.cat\/ceiplajota\/wp-content\/uploads\/usu1571\/2024\/11\/IMG-20241122-WA0072.jpg\"><\/a><br \/>\n&nbsp;<br \/>\nL&#8217;alumnat de secund\u00e0ria ha anat el dia 22 de novembre 2024 al Montcau &#8211; La Mola. L&#8217;excursi\u00f3 es va iniciar a l&#8217;aparcament del Coll d&#8217;Estenalles, amb una caminada de senderisme fins al Morral del drac, i finalment retorn a l&#8217;autocar amb ascens al Montcau.&hellip;  <a href=\"https:\/\/agora.xtec.cat\/ceiplajota\/general\/sortida-de-leso-a-montcau-la-mola\/\" title=\"Read Sortida de l&#8217;ESO a Montcau &#8211; La Mola\">Llegeix m\u00e9s\u00bb<\/a><\/p>\n","protected":false},"author":1,"featured_media":6494,"comment_status":"closed","ping_status":"closed","sticky":false,"template":"","format":"standard","meta":{"_bbp_topic_count":0,"_bbp_reply_count":0,"_bbp_total_topic_count":0,"_bbp_total_reply_count":0,"_bbp_voice_count":0,"_bbp_anonymous_reply_count":0,"_bbp_topic_count_hidden":0,"_bbp_reply_count_hidden":0,"_bbp_forum_subforum_count":0,"footnotes":""},"categories":[1,109],"tags":[110,16],"class_list":["post-6480","post","type-post","status-publish","format-standard","has-post-thumbnail","hentry","category-general","category-secundaria","tag-secundaria","tag-sortides"],"post_mailing_queue_ids":[],"_links":{"self":[{"href":"https:\/\/agora.xtec.cat\/ceiplajota\/wp-json\/wp\/v2\/posts\/6480","targetHints":{"allow":["GET"]}}],"collection":[{"href":"https:\/\/agora.xtec.cat\/ceiplajota\/wp-json\/wp\/v2\/posts"}],"about":[{"href":"https:\/\/agora.xtec.cat\/ceiplajota\/wp-json\/wp\/v2\/types\/post"}],"author":[{"embeddable":true,"href":"https:\/\/agora.xtec.cat\/ceiplajota\/wp-json\/wp\/v2\/users\/1"}],"replies":[{"embeddable":true,"href":"https:\/\/agora.xtec.cat\/ceiplajota\/wp-json\/wp\/v2\/comments?post=6480"}],"version-history":[{"count":6,"href":"https:\/\/agora.xtec.cat\/ceiplajota\/wp-json\/wp\/v2\/posts\/6480\/revisions"}],"predecessor-version":[{"id":6500,"href":"https:\/\/agora.xtec.cat\/ceiplajota\/wp-json\/wp\/v2\/posts\/6480\/revisions\/6500"}],"wp:featuredmedia":[{"embeddable":true,"href":"https:\/\/agora.xtec.cat\/ceiplajota\/wp-json\/wp\/v2\/media\/6494"}],"wp:attachment":[{"href":"https:\/\/agora.xtec.cat\/ceiplajota\/wp-json\/wp\/v2\/media?parent=6480"}],"wp:term":[{"taxonomy":"category","embeddable":true,"href":"https:\/\/agora.xtec.cat\/ceiplajota\/wp-json\/wp\/v2\/categories?post=6480"},{"taxonomy":"post_tag","embeddable":true,"href":"https:\/\/agora.xtec.cat\/ceiplajota\/wp-json\/wp\/v2\/tags?post=6480"}],"curies":[{"name":"wp","href":"https:\/\/api.w.org\/{rel}","templated":true}]}}