{"id":6463,"date":"2024-11-23T11:53:15","date_gmt":"2024-11-23T10:53:15","guid":{"rendered":"https:\/\/agora.xtec.cat\/ceiplajota\/?p=6463"},"modified":"2024-11-24T22:05:14","modified_gmt":"2024-11-24T21:05:14","slug":"tallers-per-a-primaria-de-la-fundacio-vicki-bernadet","status":"publish","type":"post","link":"https:\/\/agora.xtec.cat\/ceiplajota\/general\/tallers-per-a-primaria-de-la-fundacio-vicki-bernadet\/","title":{"rendered":"TALLERS PER A PRIM\u00c0RIA DE LA FUNDACI\u00d3 VICKI BERNADET"},"content":{"rendered":"<p>Bon dia fam\u00edlies,<\/p>\n<p>Al llarg d&#8217;aquesta setmana hem rebut la visita de dues formadores de la Fundaci\u00f3 Vicki Bernadet, entitat que du a terme activitats per al m\u00f3n educatiu, nens, nenes i fam\u00edlies, aix\u00ed com cursos per a professionals, empreses i administraci\u00f3 p\u00fablica. El seu objectiu \u00e9s que tant a l\u2019escola com a la fam\u00edlia s&#8217;han de crear espais de di\u00e0leg i de confian\u00e7a on els infants i adolescents puguin expressar-se i con\u00e8ixer els seus drets.<\/p>\n<p>S&#8217;han realitzat tres tallers diferents per a cada cicle. A segon de cicle inicial, han fet el taller &#8220;EL LLAPIS DE L&#8217;ANNA I EL JAN&#8221; on mitjan\u00e7ant un conte, es plantegen temes com el respecte al propi cos i al cos dels altres.<\/p>\n<p>A quart de cicle mitj\u00e0, han fet &#8220;LES CORTINES D&#8217;AIRE&#8221; A partir de l\u2019explicaci\u00f3 del conte i amb l&#8217;ajuda dels seus personatges, es treballen els secrets, les emocions i el coneixement del propi cos.<\/p>\n<p>A sis\u00e8 de cicle superior, han fet el taller &#8220;ACABEM LA HIST\u00d2RIA?&#8221;. Una activitat que treballa a partir de situacions quotidianes, el trasp\u00e0s dels l\u00edmits, situacions confuses i generaci\u00f3 de sentiments contradictoris.<\/p>\n<p>Ha estat una experi\u00e8ncia enriquidora per a mestres i infants, aprenem plegats i coneixem diferents recursos i eines per identificar situacions abusives i tamb\u00e9 la import\u00e0ncia de demanar ajuda i explicar les coses a persones adultes de confian\u00e7a.<\/p>\n<p>Cliqueu aquest enlla\u00e7 per veure el recull fotogr\u00e0fic d&#8217;aquestes activitats:<\/p>\n<h4><a href=\"https:\/\/photos.app.goo.gl\/i1Qsvhz8xjkVe3Vh9\">TALLERS<\/a><\/h4>\n","protected":false},"excerpt":{"rendered":"<p>Bon dia fam\u00edlies,<br \/>\nAl llarg d&#8217;aquesta setmana hem rebut la visita de dues formadores de la Fundaci\u00f3 Vicki Bernadet, entitat que du a terme activitats per al m\u00f3n educatiu, nens, nenes i fam\u00edlies, aix\u00ed com cursos per a professionals, empreses i administraci\u00f3 p\u00fablica. El seu objectiu&hellip;  <a href=\"https:\/\/agora.xtec.cat\/ceiplajota\/general\/tallers-per-a-primaria-de-la-fundacio-vicki-bernadet\/\" title=\"Read TALLERS PER A PRIM\u00c0RIA DE LA FUNDACI\u00d3 VICKI BERNADET\">Llegeix m\u00e9s\u00bb<\/a><\/p>\n","protected":false},"author":22,"featured_media":6465,"comment_status":"open","ping_status":"closed","sticky":false,"template":"","format":"standard","meta":{"_bbp_topic_count":0,"_bbp_reply_count":0,"_bbp_total_topic_count":0,"_bbp_total_reply_count":0,"_bbp_voice_count":0,"_bbp_anonymous_reply_count":0,"_bbp_topic_count_hidden":0,"_bbp_reply_count_hidden":0,"_bbp_forum_subforum_count":0,"footnotes":""},"categories":[11,13,15,1],"tags":[],"class_list":["post-6463","post","type-post","status-publish","format-standard","has-post-thumbnail","hentry","category-2n","category-4t","category-6e","category-general"],"post_mailing_queue_ids":[],"_links":{"self":[{"href":"https:\/\/agora.xtec.cat\/ceiplajota\/wp-json\/wp\/v2\/posts\/6463","targetHints":{"allow":["GET"]}}],"collection":[{"href":"https:\/\/agora.xtec.cat\/ceiplajota\/wp-json\/wp\/v2\/posts"}],"about":[{"href":"https:\/\/agora.xtec.cat\/ceiplajota\/wp-json\/wp\/v2\/types\/post"}],"author":[{"embeddable":true,"href":"https:\/\/agora.xtec.cat\/ceiplajota\/wp-json\/wp\/v2\/users\/22"}],"replies":[{"embeddable":true,"href":"https:\/\/agora.xtec.cat\/ceiplajota\/wp-json\/wp\/v2\/comments?post=6463"}],"version-history":[{"count":5,"href":"https:\/\/agora.xtec.cat\/ceiplajota\/wp-json\/wp\/v2\/posts\/6463\/revisions"}],"predecessor-version":[{"id":6478,"href":"https:\/\/agora.xtec.cat\/ceiplajota\/wp-json\/wp\/v2\/posts\/6463\/revisions\/6478"}],"wp:featuredmedia":[{"embeddable":true,"href":"https:\/\/agora.xtec.cat\/ceiplajota\/wp-json\/wp\/v2\/media\/6465"}],"wp:attachment":[{"href":"https:\/\/agora.xtec.cat\/ceiplajota\/wp-json\/wp\/v2\/media?parent=6463"}],"wp:term":[{"taxonomy":"category","embeddable":true,"href":"https:\/\/agora.xtec.cat\/ceiplajota\/wp-json\/wp\/v2\/categories?post=6463"},{"taxonomy":"post_tag","embeddable":true,"href":"https:\/\/agora.xtec.cat\/ceiplajota\/wp-json\/wp\/v2\/tags?post=6463"}],"curies":[{"name":"wp","href":"https:\/\/api.w.org\/{rel}","templated":true}]}}