{"id":6447,"date":"2024-11-26T21:53:57","date_gmt":"2024-11-26T20:53:57","guid":{"rendered":"https:\/\/agora.xtec.cat\/ceiplajota\/?p=6447"},"modified":"2024-11-26T22:13:05","modified_gmt":"2024-11-26T21:13:05","slug":"setmana-europea-de-la-prevencio-de-residus-a-cicle-mitja","status":"publish","type":"post","link":"https:\/\/agora.xtec.cat\/ceiplajota\/general\/setmana-europea-de-la-prevencio-de-residus-a-cicle-mitja\/","title":{"rendered":"SETMANA EUROPEA DE LA PREVENCI\u00d3 DE RESIDUS A CICLE MITJ\u00c0"},"content":{"rendered":"<p style=\"text-align: center\"><a href=\"https:\/\/agora.xtec.cat\/ceiplajota\/wp-content\/uploads\/usu1571\/2024\/11\/LOGO-RESIDUS.jpg\"><img loading=\"lazy\" decoding=\"async\" class=\"alignnone wp-image-6450\" src=\"https:\/\/agora.xtec.cat\/ceiplajota\/wp-content\/uploads\/usu1571\/2024\/11\/LOGO-RESIDUS-226x300.jpg\" alt=\"\" width=\"182\" height=\"242\" srcset=\"https:\/\/agora.xtec.cat\/ceiplajota\/wp-content\/uploads\/usu1571\/2024\/11\/LOGO-RESIDUS-226x300.jpg 226w, https:\/\/agora.xtec.cat\/ceiplajota\/wp-content\/uploads\/usu1571\/2024\/11\/LOGO-RESIDUS.jpg 318w\" sizes=\"auto, (max-width: 182px) 100vw, 182px\" \/><\/a><\/p>\n<p>Bon dia fam\u00edlies de cicle mitj\u00e0,<\/p>\n<p>La Setmana Europea de la Prevenci\u00f3 de Residus neix d&#8217;un projecte que rep el suport del programa LIFE+ de la Comissi\u00f3 Europea. L&#8217;objectiu \u00e9s organitzar durant una mateixa setmana i arreu d&#8217;Europa, accions de sensibilitzaci\u00f3 sobre la prevenci\u00f3 de residus. La 16a edici\u00f3 ha tingut lloc del <strong>16 al 24 de novembre de 2024<\/strong>, fent \u00e8mfasi en la import\u00e0ncia de lluitar contra el malbaratament alimentari.\u00a0Durant aquesta setmana a tercer i quart, hem treballat aquest tema amb l&#8217;objectiu de fomentar la sensibilitzaci\u00f3 de tots els nostres alumnes.<\/p>\n<p>A cicle mitj\u00e0 hem demanat samarretes velles per fer una activitat molt bonica amb elles: convertir-les en bosses de la compra. La nostra idea \u00e9s aprofitar la roba, donar-li una segona vida i fomentar la creativitat dels nostres alumnes.<\/p>\n<p>Cada any som m\u00e9s conscients de la import\u00e0ncia de la cura del nostre entorn i lluitem per un m\u00f3n m\u00e9s sostenible i just per als nostres infants.<\/p>\n<p>Feu clic aqu\u00ed per veure algunes fotografies d\u2019aquesta activitat \ud83d\udc47\ud83d\udc47\ud83d\udc47\ud83d\udc47\ud83d\udc47<\/p>\n<h3><a href=\"https:\/\/photos.app.goo.gl\/R1nD5P2vx2KrajU59\">SETMANA EUROPEA DE LA PREVENCI\u00d3 DE RESIDUS A CICLE MITJ\u00c0<\/a><\/h3>\n","protected":false},"excerpt":{"rendered":"<p><a href=\"https:\/\/agora.xtec.cat\/ceiplajota\/wp-content\/uploads\/usu1571\/2024\/11\/LOGO-RESIDUS.jpg\"><\/a><br \/>\nBon dia fam\u00edlies de cicle mitj\u00e0,<br \/>\nLa Setmana Europea de la Prevenci\u00f3 de Residus neix d&#8217;un projecte que rep el suport del programa LIFE+ de la Comissi\u00f3 Europea. L&#8217;objectiu \u00e9s organitzar durant una mateixa setmana i arreu d&#8217;Europa, accions de sensibilitzaci\u00f3 sobre la prevenci\u00f3 de&hellip;  <a href=\"https:\/\/agora.xtec.cat\/ceiplajota\/general\/setmana-europea-de-la-prevencio-de-residus-a-cicle-mitja\/\" title=\"Read SETMANA EUROPEA DE LA PREVENCI\u00d3 DE RESIDUS A CICLE MITJ\u00c0\">Llegeix m\u00e9s\u00bb<\/a><\/p>\n","protected":false},"author":22,"featured_media":6448,"comment_status":"open","ping_status":"closed","sticky":false,"template":"","format":"standard","meta":{"_bbp_topic_count":0,"_bbp_reply_count":0,"_bbp_total_topic_count":0,"_bbp_total_reply_count":0,"_bbp_voice_count":0,"_bbp_anonymous_reply_count":0,"_bbp_topic_count_hidden":0,"_bbp_reply_count_hidden":0,"_bbp_forum_subforum_count":0,"footnotes":""},"categories":[12,13,1,5],"tags":[],"class_list":["post-6447","post","type-post","status-publish","format-standard","has-post-thumbnail","hentry","category-3r","category-4t","category-general","category-primaria"],"post_mailing_queue_ids":[],"_links":{"self":[{"href":"https:\/\/agora.xtec.cat\/ceiplajota\/wp-json\/wp\/v2\/posts\/6447","targetHints":{"allow":["GET"]}}],"collection":[{"href":"https:\/\/agora.xtec.cat\/ceiplajota\/wp-json\/wp\/v2\/posts"}],"about":[{"href":"https:\/\/agora.xtec.cat\/ceiplajota\/wp-json\/wp\/v2\/types\/post"}],"author":[{"embeddable":true,"href":"https:\/\/agora.xtec.cat\/ceiplajota\/wp-json\/wp\/v2\/users\/22"}],"replies":[{"embeddable":true,"href":"https:\/\/agora.xtec.cat\/ceiplajota\/wp-json\/wp\/v2\/comments?post=6447"}],"version-history":[{"count":4,"href":"https:\/\/agora.xtec.cat\/ceiplajota\/wp-json\/wp\/v2\/posts\/6447\/revisions"}],"predecessor-version":[{"id":6488,"href":"https:\/\/agora.xtec.cat\/ceiplajota\/wp-json\/wp\/v2\/posts\/6447\/revisions\/6488"}],"wp:featuredmedia":[{"embeddable":true,"href":"https:\/\/agora.xtec.cat\/ceiplajota\/wp-json\/wp\/v2\/media\/6448"}],"wp:attachment":[{"href":"https:\/\/agora.xtec.cat\/ceiplajota\/wp-json\/wp\/v2\/media?parent=6447"}],"wp:term":[{"taxonomy":"category","embeddable":true,"href":"https:\/\/agora.xtec.cat\/ceiplajota\/wp-json\/wp\/v2\/categories?post=6447"},{"taxonomy":"post_tag","embeddable":true,"href":"https:\/\/agora.xtec.cat\/ceiplajota\/wp-json\/wp\/v2\/tags?post=6447"}],"curies":[{"name":"wp","href":"https:\/\/api.w.org\/{rel}","templated":true}]}}