{"id":6436,"date":"2024-11-07T20:31:47","date_gmt":"2024-11-07T19:31:47","guid":{"rendered":"https:\/\/agora.xtec.cat\/ceiplajota\/?p=6436"},"modified":"2024-11-09T20:40:09","modified_gmt":"2024-11-09T19:40:09","slug":"iniciem-el-projecte-dhort-escolar","status":"publish","type":"post","link":"https:\/\/agora.xtec.cat\/ceiplajota\/general\/iniciem-el-projecte-dhort-escolar\/","title":{"rendered":"Iniciem el projecte d&#8217;hort escolar"},"content":{"rendered":"<p>Despr\u00e9s de fer una recerca per saber quins productes de l&#8217;hort s\u00f3n de cada estaci\u00f3 de l&#8217;any i de decidir quins productes vol\u00edem plantar el projecte hort per fi comen\u00e7a.\u00a0 Aquest projecte implica que l&#8217;alumnat de 4t (A i B) visitaran durant el curs les aules de I3, I4, I5, 1r, 2n i 3r\u00a0 i, en un parell o tres de sessions, ensenyaran conceptes b\u00e0sics sobre les plantes que hem posat a l&#8217;hort:\u00a0 parts, com es cuiden, qu\u00e8 necessiten.\u00a0 Aquestes sessions inclouran una visita a l&#8217;hort on l&#8217;alumnat m\u00e9s petit podr\u00e0 col\u00b7laborar en les cures i feines de l&#8217;hort del nostre centre.\u00a0 \u00a0Tamb\u00e9 obrirem els horts alguns dies a l&#8217;hora del pati per tal que qui ho desitgi pugui venir a cuidar les nostres plantes.<\/p>\n<p><a href=\"https:\/\/agora.xtec.cat\/ceiplajota\/wp-content\/uploads\/usu1571\/2024\/11\/20241022_121343-scaled.jpg\"><img loading=\"lazy\" decoding=\"async\" class=\"wp-image-6439 alignleft\" src=\"https:\/\/agora.xtec.cat\/ceiplajota\/wp-content\/uploads\/usu1571\/2024\/11\/20241022_121343-300x169.jpg\" alt=\"\" width=\"382\" height=\"215\" srcset=\"https:\/\/agora.xtec.cat\/ceiplajota\/wp-content\/uploads\/usu1571\/2024\/11\/20241022_121343-300x169.jpg 300w, https:\/\/agora.xtec.cat\/ceiplajota\/wp-content\/uploads\/usu1571\/2024\/11\/20241022_121343-1024x576.jpg 1024w, https:\/\/agora.xtec.cat\/ceiplajota\/wp-content\/uploads\/usu1571\/2024\/11\/20241022_121343-768x432.jpg 768w, https:\/\/agora.xtec.cat\/ceiplajota\/wp-content\/uploads\/usu1571\/2024\/11\/20241022_121343-1536x864.jpg 1536w, https:\/\/agora.xtec.cat\/ceiplajota\/wp-content\/uploads\/usu1571\/2024\/11\/20241022_121343-2048x1152.jpg 2048w\" sizes=\"auto, (max-width: 382px) 100vw, 382px\" \/><\/a><\/p>\n<p>&nbsp;<\/p>\n<p>&nbsp;<\/p>\n<p>&nbsp;<\/p>\n<p>&nbsp;<\/p>\n<p><a href=\"https:\/\/agora.xtec.cat\/ceiplajota\/wp-content\/uploads\/usu1571\/2024\/11\/calendari-fet.jpg\"><img loading=\"lazy\" decoding=\"async\" class=\"wp-image-6440 alignright\" src=\"https:\/\/agora.xtec.cat\/ceiplajota\/wp-content\/uploads\/usu1571\/2024\/11\/calendari-fet-300x212.jpg\" alt=\"\" width=\"294\" height=\"208\" srcset=\"https:\/\/agora.xtec.cat\/ceiplajota\/wp-content\/uploads\/usu1571\/2024\/11\/calendari-fet-300x212.jpg 300w, https:\/\/agora.xtec.cat\/ceiplajota\/wp-content\/uploads\/usu1571\/2024\/11\/calendari-fet-1024x724.jpg 1024w, https:\/\/agora.xtec.cat\/ceiplajota\/wp-content\/uploads\/usu1571\/2024\/11\/calendari-fet-768x543.jpg 768w, https:\/\/agora.xtec.cat\/ceiplajota\/wp-content\/uploads\/usu1571\/2024\/11\/calendari-fet-1536x1086.jpg 1536w, https:\/\/agora.xtec.cat\/ceiplajota\/wp-content\/uploads\/usu1571\/2024\/11\/calendari-fet.jpg 2000w\" sizes=\"auto, (max-width: 294px) 100vw, 294px\" \/><\/a><\/p>\n<p>&nbsp;<\/p>\n<p>&nbsp;<\/p>\n<p>Una de les primeres tasques ha consistit a anar classe per classe preguntant als diferents grups en quin moment podien rebre aquestes classes d&#8217;hort per part de l&#8217;alumnat de 4t.\u00a0 A la foto de la dreta podeu veure el recull final d&#8217;aquesta enquesta.<\/p>\n<p>&nbsp;<\/p>\n<p>Us anirem informant de l&#8217;evoluci\u00f3 d&#8217;aquest projecte.<\/p>\n<p>&nbsp;<\/p>\n","protected":false},"excerpt":{"rendered":"<p>Despr\u00e9s de fer una recerca per saber quins productes de l&#8217;hort s\u00f3n de cada estaci\u00f3 de l&#8217;any i de decidir quins productes vol\u00edem plantar el projecte hort per fi comen\u00e7a.\u00a0 Aquest projecte implica que l&#8217;alumnat de 4t (A i B) visitaran durant el curs les&hellip;  <a href=\"https:\/\/agora.xtec.cat\/ceiplajota\/general\/iniciem-el-projecte-dhort-escolar\/\" title=\"Read Iniciem el projecte d&#8217;hort escolar\">Llegeix m\u00e9s\u00bb<\/a><\/p>\n","protected":false},"author":12,"featured_media":6438,"comment_status":"open","ping_status":"closed","sticky":false,"template":"","format":"standard","meta":{"_bbp_topic_count":0,"_bbp_reply_count":0,"_bbp_total_topic_count":0,"_bbp_total_reply_count":0,"_bbp_voice_count":0,"_bbp_anonymous_reply_count":0,"_bbp_topic_count_hidden":0,"_bbp_reply_count_hidden":0,"_bbp_forum_subforum_count":0,"footnotes":""},"categories":[10,11,12,13,1,2],"tags":[],"class_list":["post-6436","post","type-post","status-publish","format-standard","has-post-thumbnail","hentry","category-1r","category-2n","category-3r","category-4t","category-general","category-infantil"],"post_mailing_queue_ids":[],"_links":{"self":[{"href":"https:\/\/agora.xtec.cat\/ceiplajota\/wp-json\/wp\/v2\/posts\/6436","targetHints":{"allow":["GET"]}}],"collection":[{"href":"https:\/\/agora.xtec.cat\/ceiplajota\/wp-json\/wp\/v2\/posts"}],"about":[{"href":"https:\/\/agora.xtec.cat\/ceiplajota\/wp-json\/wp\/v2\/types\/post"}],"author":[{"embeddable":true,"href":"https:\/\/agora.xtec.cat\/ceiplajota\/wp-json\/wp\/v2\/users\/12"}],"replies":[{"embeddable":true,"href":"https:\/\/agora.xtec.cat\/ceiplajota\/wp-json\/wp\/v2\/comments?post=6436"}],"version-history":[{"count":2,"href":"https:\/\/agora.xtec.cat\/ceiplajota\/wp-json\/wp\/v2\/posts\/6436\/revisions"}],"predecessor-version":[{"id":6442,"href":"https:\/\/agora.xtec.cat\/ceiplajota\/wp-json\/wp\/v2\/posts\/6436\/revisions\/6442"}],"wp:featuredmedia":[{"embeddable":true,"href":"https:\/\/agora.xtec.cat\/ceiplajota\/wp-json\/wp\/v2\/media\/6438"}],"wp:attachment":[{"href":"https:\/\/agora.xtec.cat\/ceiplajota\/wp-json\/wp\/v2\/media?parent=6436"}],"wp:term":[{"taxonomy":"category","embeddable":true,"href":"https:\/\/agora.xtec.cat\/ceiplajota\/wp-json\/wp\/v2\/categories?post=6436"},{"taxonomy":"post_tag","embeddable":true,"href":"https:\/\/agora.xtec.cat\/ceiplajota\/wp-json\/wp\/v2\/tags?post=6436"}],"curies":[{"name":"wp","href":"https:\/\/api.w.org\/{rel}","templated":true}]}}