{"id":6433,"date":"2024-11-08T13:24:35","date_gmt":"2024-11-08T12:24:35","guid":{"rendered":"https:\/\/agora.xtec.cat\/ceiplajota\/?p=6433"},"modified":"2024-11-10T22:35:55","modified_gmt":"2024-11-10T21:35:55","slug":"lavabos-menstruals","status":"publish","type":"post","link":"https:\/\/agora.xtec.cat\/ceiplajota\/general\/lavabos-menstruals\/","title":{"rendered":"Lavabos menstruals"},"content":{"rendered":"<p>A l&#8217;Institut Escola La Jota hem preparat uns lavabos menstruals que volen posar de manifest el dret de les persones menstruants a tenir acc\u00e9s a lavabos on poder dur a terme els h\u00e0bits d\u2019higiene menstrual.<\/p>\n<p class=\"has-text-align-left\">En aquests hi ha pres\u00e8ncia de punt d\u2019aigua en el mateix compartiment individual que el v\u00e0ter, aprovisionament de sab\u00f3 (preferiblement amb pH neutre i lliure d\u2019additius com frag\u00e0ncies o colorants), paper de v\u00e0ter (preferiblement reciclat i lliure d\u2019additius com frag\u00e0ncies o colorants) i pres\u00e8ncia de paperera amb servei de buidatge diari. Tamb\u00e9 hi ha un penjador o lleixa <span style=\"font-weight: 400;\">per poder deixar-hi la jaqueta, la bossa o altres objectes personals.\u00a0<\/span><\/p>\n<p class=\"has-text-align-left\"><a href=\"https:\/\/agora.xtec.cat\/ceiplajota\/wp-content\/uploads\/usu1571\/2024\/11\/WC-menstrual-1.png\"><img loading=\"lazy\" decoding=\"async\" class=\"aligncenter  wp-image-6444\" src=\"https:\/\/agora.xtec.cat\/ceiplajota\/wp-content\/uploads\/usu1571\/2024\/11\/WC-menstrual-1.png\" alt=\"\" width=\"178\" height=\"381\" srcset=\"https:\/\/agora.xtec.cat\/ceiplajota\/wp-content\/uploads\/usu1571\/2024\/11\/WC-menstrual-1.png 307w, https:\/\/agora.xtec.cat\/ceiplajota\/wp-content\/uploads\/usu1571\/2024\/11\/WC-menstrual-1-140x300.png 140w\" sizes=\"auto, (max-width: 178px) 100vw, 178px\" \/><\/a>Aquests lavabos estan ubicats a:<\/p>\n<ul>\n<li>la planta baixa de l&#8217;edifici d&#8217;infantil i prim\u00e0ria<\/li>\n<li>el segon pis de l&#8217;edifici d&#8217;infantil i prim\u00e0ria<\/li>\n<li>el primer pis de l&#8217;edifici de secund\u00e0ria<\/li>\n<\/ul>\n<p>A la porta hi ha un distintiu de lavabo menstrual.<a href=\"https:\/\/agora.xtec.cat\/ceiplajota\/wp-content\/uploads\/usu1571\/2024\/11\/wc-menstrual-3.png\"><img loading=\"lazy\" decoding=\"async\" class=\"aligncenter  wp-image-6443\" src=\"https:\/\/agora.xtec.cat\/ceiplajota\/wp-content\/uploads\/usu1571\/2024\/11\/wc-menstrual-3.png\" alt=\"\" width=\"170\" height=\"243\" srcset=\"https:\/\/agora.xtec.cat\/ceiplajota\/wp-content\/uploads\/usu1571\/2024\/11\/wc-menstrual-3.png 460w, https:\/\/agora.xtec.cat\/ceiplajota\/wp-content\/uploads\/usu1571\/2024\/11\/wc-menstrual-3-210x300.png 210w\" sizes=\"auto, (max-width: 170px) 100vw, 170px\" \/><\/a><\/p>\n<p>Per acompanyar a aquesta incorporaci\u00f3 al centre, el curs 23-24 i aquests curs 24-25 tamb\u00e9, es reparteixen compreses a les alumnes de CM, CS i ESO que en facin \u00fas. Aquestes compreses menstruals ens les facilita el Programa <b>#StopPobrezaMenstrual.<\/b><\/p>\n<p>&nbsp;<\/p>\n<p>&nbsp;<\/p>\n<p>&nbsp;<\/p>\n<p class=\"has-text-align-left\">\n","protected":false},"excerpt":{"rendered":"<p>A l&#8217;Institut Escola La Jota hem preparat uns lavabos menstruals que volen posar de manifest el dret de les persones menstruants a tenir acc\u00e9s a lavabos on poder dur a terme els h\u00e0bits d\u2019higiene menstrual.<br \/>\nEn aquests hi ha pres\u00e8ncia de punt d\u2019aigua en el mateix&hellip;  <a href=\"https:\/\/agora.xtec.cat\/ceiplajota\/general\/lavabos-menstruals\/\" title=\"Read Lavabos menstruals\">Llegeix m\u00e9s\u00bb<\/a><\/p>\n","protected":false},"author":1,"featured_media":6445,"comment_status":"open","ping_status":"closed","sticky":false,"template":"","format":"standard","meta":{"_bbp_topic_count":0,"_bbp_reply_count":0,"_bbp_total_topic_count":0,"_bbp_total_reply_count":0,"_bbp_voice_count":0,"_bbp_anonymous_reply_count":0,"_bbp_topic_count_hidden":0,"_bbp_reply_count_hidden":0,"_bbp_forum_subforum_count":0,"footnotes":""},"categories":[1],"tags":[],"class_list":["post-6433","post","type-post","status-publish","format-standard","has-post-thumbnail","hentry","category-general"],"post_mailing_queue_ids":[],"_links":{"self":[{"href":"https:\/\/agora.xtec.cat\/ceiplajota\/wp-json\/wp\/v2\/posts\/6433","targetHints":{"allow":["GET"]}}],"collection":[{"href":"https:\/\/agora.xtec.cat\/ceiplajota\/wp-json\/wp\/v2\/posts"}],"about":[{"href":"https:\/\/agora.xtec.cat\/ceiplajota\/wp-json\/wp\/v2\/types\/post"}],"author":[{"embeddable":true,"href":"https:\/\/agora.xtec.cat\/ceiplajota\/wp-json\/wp\/v2\/users\/1"}],"replies":[{"embeddable":true,"href":"https:\/\/agora.xtec.cat\/ceiplajota\/wp-json\/wp\/v2\/comments?post=6433"}],"version-history":[{"count":2,"href":"https:\/\/agora.xtec.cat\/ceiplajota\/wp-json\/wp\/v2\/posts\/6433\/revisions"}],"predecessor-version":[{"id":6446,"href":"https:\/\/agora.xtec.cat\/ceiplajota\/wp-json\/wp\/v2\/posts\/6433\/revisions\/6446"}],"wp:featuredmedia":[{"embeddable":true,"href":"https:\/\/agora.xtec.cat\/ceiplajota\/wp-json\/wp\/v2\/media\/6445"}],"wp:attachment":[{"href":"https:\/\/agora.xtec.cat\/ceiplajota\/wp-json\/wp\/v2\/media?parent=6433"}],"wp:term":[{"taxonomy":"category","embeddable":true,"href":"https:\/\/agora.xtec.cat\/ceiplajota\/wp-json\/wp\/v2\/categories?post=6433"},{"taxonomy":"post_tag","embeddable":true,"href":"https:\/\/agora.xtec.cat\/ceiplajota\/wp-json\/wp\/v2\/tags?post=6433"}],"curies":[{"name":"wp","href":"https:\/\/api.w.org\/{rel}","templated":true}]}}