{"id":6409,"date":"2024-10-28T19:10:55","date_gmt":"2024-10-28T18:10:55","guid":{"rendered":"https:\/\/agora.xtec.cat\/ceiplajota\/?p=6409"},"modified":"2024-10-28T19:26:20","modified_gmt":"2024-10-28T18:26:20","slug":"castanyada-2024","status":"publish","type":"post","link":"https:\/\/agora.xtec.cat\/ceiplajota\/general\/castanyada-2024\/","title":{"rendered":"CASTANYADA 2024"},"content":{"rendered":"<p>Aquests dies ja estem preparant la festa de <strong><span style=\"color: #993300;\">La Castanyada 2024<\/span><\/strong>.<\/p>\n<p><a href=\"https:\/\/agora.xtec.cat\/ceiplajota\/wp-content\/uploads\/usu1571\/2024\/10\/La-castanyada-1.png\"><img loading=\"lazy\" decoding=\"async\" class=\"aligncenter size-full wp-image-6410\" src=\"https:\/\/agora.xtec.cat\/ceiplajota\/wp-content\/uploads\/usu1571\/2024\/10\/La-castanyada-1.png\" alt=\"\" width=\"606\" height=\"124\" srcset=\"https:\/\/agora.xtec.cat\/ceiplajota\/wp-content\/uploads\/usu1571\/2024\/10\/La-castanyada-1.png 606w, https:\/\/agora.xtec.cat\/ceiplajota\/wp-content\/uploads\/usu1571\/2024\/10\/La-castanyada-1-300x61.png 300w\" sizes=\"auto, (max-width: 606px) 100vw, 606px\" \/><\/a><\/p>\n<p>Quines activitats fem aquest curs?<\/p>\n<ul>\n<li><b>Mostra de castanyes, carbasses o\u00a0 moniatos disfressats.<\/b><span style=\"font-weight: 400;\"> Per a l\u2019alumnat d&#8217;educaci\u00f3 infantil i prim\u00e0ria<\/span><span style=\"font-weight: 400;\">,\u00a0 mostra de castanyes, carbasses o\u00a0 moniatos disfressats. A partir del dilluns dia 28 d\u2019octubre es podran portar al centre i farem un mostra. Les fam\u00edlies la podreu visitar el dilluns 28, el dimarts 29 i el dimecres 30 de 16:30 a 17h. Cada cicle exposa les seves castanyes, carbasses o\u00a0 moniatos disfressats.<\/span><\/li>\n<\/ul>\n<p style=\"text-align: center;\"><a href=\"https:\/\/agora.xtec.cat\/ceiplajota\/wp-content\/uploads\/usu1571\/2024\/10\/La-castanyada-5.png\"><img loading=\"lazy\" decoding=\"async\" class=\"aligncenter wp-image-6413\" src=\"https:\/\/agora.xtec.cat\/ceiplajota\/wp-content\/uploads\/usu1571\/2024\/10\/La-castanyada-5.png\" alt=\"\" width=\"275\" height=\"152\" srcset=\"https:\/\/agora.xtec.cat\/ceiplajota\/wp-content\/uploads\/usu1571\/2024\/10\/La-castanyada-5.png 355w, https:\/\/agora.xtec.cat\/ceiplajota\/wp-content\/uploads\/usu1571\/2024\/10\/La-castanyada-5-300x166.png 300w\" sizes=\"auto, (max-width: 275px) 100vw, 275px\" \/><\/a><\/p>\n<p>Si voleu veure fotografies, podeu clicar sobre de cada cicle:<\/p>\n<p>&#8211; <a href=\"https:\/\/photos.app.goo.gl\/dwaGbauVXfbCq9DNA\" target=\"_blank\" rel=\"noopener\">EDUCACI\u00d3 INFANTIL<\/a><\/p>\n<p>&#8211;<a href=\"https:\/\/photos.app.goo.gl\/XdZZFtLUWT3pUecs6\" target=\"_blank\" rel=\"noopener\"> CICLE INICIAL<\/a><\/p>\n<p>&#8211;<a href=\"https:\/\/photos.app.goo.gl\/hS4mz7fHcxK9D2tXA\" target=\"_blank\" rel=\"noopener\"> CICLE MITJ\u00c0<\/a><\/p>\n<p>&#8211; <a href=\"https:\/\/photos.app.goo.gl\/39zxWBobSnfLKw3KA\" target=\"_blank\" rel=\"noopener\">CICLE SUPERIOR<\/a><\/p>\n<ul>\n<li><strong>M\u00e0scara de terror.<\/strong> L&#8217;alumnat de secund\u00e0ria far\u00e0 la seva m\u00e0scara de terror al centre.<\/li>\n<\/ul>\n<p style=\"text-align: center;\"><a href=\"https:\/\/agora.xtec.cat\/ceiplajota\/wp-content\/uploads\/usu1571\/2024\/10\/La-castanyada-4.png\"><img loading=\"lazy\" decoding=\"async\" class=\"aligncenter wp-image-6412\" src=\"https:\/\/agora.xtec.cat\/ceiplajota\/wp-content\/uploads\/usu1571\/2024\/10\/La-castanyada-4.png\" alt=\"\" width=\"412\" height=\"192\" srcset=\"https:\/\/agora.xtec.cat\/ceiplajota\/wp-content\/uploads\/usu1571\/2024\/10\/La-castanyada-4.png 496w, https:\/\/agora.xtec.cat\/ceiplajota\/wp-content\/uploads\/usu1571\/2024\/10\/La-castanyada-4-300x140.png 300w\" sizes=\"auto, (max-width: 412px) 100vw, 412px\" \/><\/a><\/p>\n<p><span style=\"font-weight: 400;\">\u00a0&#8211; <a href=\"https:\/\/photos.app.goo.gl\/C4dkrpP1BBbus2ky7\" target=\"_blank\" rel=\"noopener\">EDUCACI\u00d3 SECUND\u00c0RIA<\/a><\/span><\/p>\n<p><b>La castanyada i el halloween.<\/b><span style=\"font-weight: 400;\"> El dimecres dia 30 d&#8217;octubre arribar\u00e0 de la muntanya la senyora Castanyera que ens portar\u00e0 castanyes que torrarem al pati de l\u2019escola. Aquesta activitat est\u00e0 organitzada per l\u2019A.F.A.\u00a0<\/span><\/p>\n<p><span style=\"font-weight: 400;\">Aquest mateix dia a les classes es faran manualitats al voltant de la celebraci\u00f3, es prepararan les paperines per les castanyes, es faran balls, es miraran curts o\u00a0 pel\u00b7l\u00edcules i es llegiran hist\u00f2ries de por.\u00a0<\/span><\/p>\n<p><span style=\"font-weight: 400;\">L\u2019alumnat que ho desitgi pot venir disfressat a la tarda del dimecres dia 30. A Educaci\u00f3 Infantil, els infants es poden disfressar de <\/span><i><span style=\"font-weight: 400;\">castanyers o castanyeres. <\/span><\/i><span style=\"font-weight: 400;\">\u00a0A Educaci\u00f3 Prim\u00e0ria i Secund\u00e0ria poden venir disfressats del tema <\/span><i><span style=\"font-weight: 400;\">Castanyada<\/span><\/i><span style=\"font-weight: 400;\"> o <\/span><i><span style=\"font-weight: 400;\">Halloween.\u00a0<\/span><\/i><\/p>\n<p><span style=\"font-weight: 400;\">L\u2019AFA organitza el <\/span><b>T\u00fanel del Terror<\/b><span style=\"font-weight: 400;\"> al pavell\u00f3 esportiu del centre. Al llarg del <\/span><b>dimecres dia 30 d&#8217;octubre<\/b><span style=\"font-weight: 400;\"> es podr\u00e0 visitar.\u00a0<\/span><\/p>\n<p style=\"text-align: center;\"><a href=\"https:\/\/agora.xtec.cat\/ceiplajota\/wp-content\/uploads\/usu1571\/2024\/10\/Tunel-terror.png\"><img loading=\"lazy\" decoding=\"async\" class=\"aligncenter  wp-image-6419\" src=\"https:\/\/agora.xtec.cat\/ceiplajota\/wp-content\/uploads\/usu1571\/2024\/10\/Tunel-terror.png\" alt=\"\" width=\"358\" height=\"356\" srcset=\"https:\/\/agora.xtec.cat\/ceiplajota\/wp-content\/uploads\/usu1571\/2024\/10\/Tunel-terror.png 745w, https:\/\/agora.xtec.cat\/ceiplajota\/wp-content\/uploads\/usu1571\/2024\/10\/Tunel-terror-300x298.png 300w, https:\/\/agora.xtec.cat\/ceiplajota\/wp-content\/uploads\/usu1571\/2024\/10\/Tunel-terror-150x150.png 150w\" sizes=\"auto, (max-width: 358px) 100vw, 358px\" \/><\/a><\/p>\n<p><strong><span style=\"color: #993300;\">QUE TINGUEU BONA CASTANYADA!!!<\/span><\/strong><span style=\"font-weight: 400;\"><strong><span style=\"color: #993300;\">\u00a0<\/span><\/strong><a href=\"https:\/\/agora.xtec.cat\/ceiplajota\/wp-content\/uploads\/usu1571\/2024\/10\/La-castanyada-6.png\"><img loading=\"lazy\" decoding=\"async\" class=\"aligncenter size-full wp-image-6415\" src=\"https:\/\/agora.xtec.cat\/ceiplajota\/wp-content\/uploads\/usu1571\/2024\/10\/La-castanyada-6.png\" alt=\"\" width=\"523\" height=\"133\" srcset=\"https:\/\/agora.xtec.cat\/ceiplajota\/wp-content\/uploads\/usu1571\/2024\/10\/La-castanyada-6.png 523w, https:\/\/agora.xtec.cat\/ceiplajota\/wp-content\/uploads\/usu1571\/2024\/10\/La-castanyada-6-300x76.png 300w\" sizes=\"auto, (max-width: 523px) 100vw, 523px\" \/><\/a><\/span><\/p>\n","protected":false},"excerpt":{"rendered":"<p>Aquests dies ja estem preparant la festa de La Castanyada 2024.<br \/>\n<a href=\"https:\/\/agora.xtec.cat\/ceiplajota\/wp-content\/uploads\/usu1571\/2024\/10\/La-castanyada-1.png\"><\/a><br \/>\nQuines activitats fem aquest curs?<\/p>\n<ul>\n<li>Mostra de castanyes, carbasses o\u00a0 moniatos disfressats. Per a l\u2019alumnat d&#8217;educaci\u00f3 infantil i prim\u00e0ria,\u00a0 mostra de castanyes, carbasses o\u00a0 moniatos disfressats. A partir del dilluns dia 28 d\u2019octubre es podran&hellip;  <a href=\"https:\/\/agora.xtec.cat\/ceiplajota\/general\/castanyada-2024\/\" title=\"Read CASTANYADA 2024\">Llegeix m\u00e9s\u00bb<\/a><br \/>\n","protected":false},"author":1,"featured_media":6411,"comment_status":"open","ping_status":"closed","sticky":false,"template":"","format":"standard","meta":{"_bbp_topic_count":0,"_bbp_reply_count":0,"_bbp_total_topic_count":0,"_bbp_total_reply_count":0,"_bbp_voice_count":0,"_bbp_anonymous_reply_count":0,"_bbp_topic_count_hidden":0,"_bbp_reply_count_hidden":0,"_bbp_forum_subforum_count":0,"footnotes":""},"categories":[1],"tags":[],"class_list":["post-6409","post","type-post","status-publish","format-standard","has-post-thumbnail","hentry","category-general"],"post_mailing_queue_ids":[],"_links":{"self":[{"href":"https:\/\/agora.xtec.cat\/ceiplajota\/wp-json\/wp\/v2\/posts\/6409","targetHints":{"allow":["GET"]}}],"collection":[{"href":"https:\/\/agora.xtec.cat\/ceiplajota\/wp-json\/wp\/v2\/posts"}],"about":[{"href":"https:\/\/agora.xtec.cat\/ceiplajota\/wp-json\/wp\/v2\/types\/post"}],"author":[{"embeddable":true,"href":"https:\/\/agora.xtec.cat\/ceiplajota\/wp-json\/wp\/v2\/users\/1"}],"replies":[{"embeddable":true,"href":"https:\/\/agora.xtec.cat\/ceiplajota\/wp-json\/wp\/v2\/comments?post=6409"}],"version-history":[{"count":5,"href":"https:\/\/agora.xtec.cat\/ceiplajota\/wp-json\/wp\/v2\/posts\/6409\/revisions"}],"predecessor-version":[{"id":6420,"href":"https:\/\/agora.xtec.cat\/ceiplajota\/wp-json\/wp\/v2\/posts\/6409\/revisions\/6420"}],"wp:featuredmedia":[{"embeddable":true,"href":"https:\/\/agora.xtec.cat\/ceiplajota\/wp-json\/wp\/v2\/media\/6411"}],"wp:attachment":[{"href":"https:\/\/agora.xtec.cat\/ceiplajota\/wp-json\/wp\/v2\/media?parent=6409"}],"wp:term":[{"taxonomy":"category","embeddable":true,"href":"https:\/\/agora.xtec.cat\/ceiplajota\/wp-json\/wp\/v2\/categories?post=6409"},{"taxonomy":"post_tag","embeddable":true,"href":"https:\/\/agora.xtec.cat\/ceiplajota\/wp-json\/wp\/v2\/tags?post=6409"}],"curies":[{"name":"wp","href":"https:\/\/api.w.org\/{rel}","templated":true}]}}