{"id":6404,"date":"2024-10-09T17:51:13","date_gmt":"2024-10-09T15:51:13","guid":{"rendered":"https:\/\/agora.xtec.cat\/ceiplajota\/?p=6404"},"modified":"2024-10-09T17:51:13","modified_gmt":"2024-10-09T15:51:13","slug":"1r-a-gualba","status":"publish","type":"post","link":"https:\/\/agora.xtec.cat\/ceiplajota\/general\/1r-a-gualba\/","title":{"rendered":"1r a Gualba"},"content":{"rendered":"<p><a href=\"https:\/\/agora.xtec.cat\/ceiplajota\/wp-content\/uploads\/usu1571\/2024\/10\/Presentacion-campamento-de-verano-para-ninos-ilustrativo-creativo-marron-y-verde.jpg\"><img loading=\"lazy\" decoding=\"async\" class=\"wp-image-6405 aligncenter\" src=\"https:\/\/agora.xtec.cat\/ceiplajota\/wp-content\/uploads\/usu1571\/2024\/10\/Presentacion-campamento-de-verano-para-ninos-ilustrativo-creativo-marron-y-verde-1024x576.jpg\" alt=\"\" width=\"489\" height=\"275\" srcset=\"https:\/\/agora.xtec.cat\/ceiplajota\/wp-content\/uploads\/usu1571\/2024\/10\/Presentacion-campamento-de-verano-para-ninos-ilustrativo-creativo-marron-y-verde-1024x576.jpg 1024w, https:\/\/agora.xtec.cat\/ceiplajota\/wp-content\/uploads\/usu1571\/2024\/10\/Presentacion-campamento-de-verano-para-ninos-ilustrativo-creativo-marron-y-verde-300x169.jpg 300w, https:\/\/agora.xtec.cat\/ceiplajota\/wp-content\/uploads\/usu1571\/2024\/10\/Presentacion-campamento-de-verano-para-ninos-ilustrativo-creativo-marron-y-verde-768x432.jpg 768w, https:\/\/agora.xtec.cat\/ceiplajota\/wp-content\/uploads\/usu1571\/2024\/10\/Presentacion-campamento-de-verano-para-ninos-ilustrativo-creativo-marron-y-verde-1536x864.jpg 1536w, https:\/\/agora.xtec.cat\/ceiplajota\/wp-content\/uploads\/usu1571\/2024\/10\/Presentacion-campamento-de-verano-para-ninos-ilustrativo-creativo-marron-y-verde.jpg 1920w\" sizes=\"auto, (max-width: 489px) 100vw, 489px\" \/><\/a><\/p>\n<p>Els nens i nenes de 1r de prim\u00e0ria han estat al Parc Mediambiental de Gualba. En un entorn \u00fanic, situat al Parc Natural del Montseny, han gaudit d&#8217;un dia envoltats de natura, observant els canvis que s&#8217;han produ\u00eft degut al canvi d&#8217;estaci\u00f3 de l&#8217;estiu a la tardor: canvis de colors de les fulles, insectes, plantes, el riu&#8230; Primer hem esmorzat a la zona de p\u00edcnic i despr\u00e9s hem anat a fer una ruta pel bosc. Durant la ruta, hem pogut con\u00e8ixer la flora i fauna de la zona, hem vorejat el riu, observant els salts d&#8217;aigua i hem conegut el nom d&#8217;alguns arbres i plantes.<\/p>\n<p><a href=\"https:\/\/photos.app.goo.gl\/wRmY5mdjRAvt4kTj6\">Recull de fotos<\/a><\/p>\n","protected":false},"excerpt":{"rendered":"<p><a href=\"https:\/\/agora.xtec.cat\/ceiplajota\/wp-content\/uploads\/usu1571\/2024\/10\/Presentacion-campamento-de-verano-para-ninos-ilustrativo-creativo-marron-y-verde.jpg\"><\/a><br \/>\nEls nens i nenes de 1r de prim\u00e0ria han estat al Parc Mediambiental de Gualba. En un entorn \u00fanic, situat al Parc Natural del Montseny, han gaudit d&#8217;un dia envoltats de natura, observant els canvis que s&#8217;han produ\u00eft degut al canvi d&#8217;estaci\u00f3 de l&#8217;estiu&hellip;  <a href=\"https:\/\/agora.xtec.cat\/ceiplajota\/general\/1r-a-gualba\/\" title=\"Read 1r a Gualba\">Llegeix m\u00e9s\u00bb<\/a><\/p>\n","protected":false},"author":34,"featured_media":6405,"comment_status":"open","ping_status":"closed","sticky":false,"template":"","format":"standard","meta":{"_bbp_topic_count":0,"_bbp_reply_count":0,"_bbp_total_topic_count":0,"_bbp_total_reply_count":0,"_bbp_voice_count":0,"_bbp_anonymous_reply_count":0,"_bbp_topic_count_hidden":0,"_bbp_reply_count_hidden":0,"_bbp_forum_subforum_count":0,"footnotes":""},"categories":[1],"tags":[],"class_list":["post-6404","post","type-post","status-publish","format-standard","has-post-thumbnail","hentry","category-general"],"post_mailing_queue_ids":[],"_links":{"self":[{"href":"https:\/\/agora.xtec.cat\/ceiplajota\/wp-json\/wp\/v2\/posts\/6404","targetHints":{"allow":["GET"]}}],"collection":[{"href":"https:\/\/agora.xtec.cat\/ceiplajota\/wp-json\/wp\/v2\/posts"}],"about":[{"href":"https:\/\/agora.xtec.cat\/ceiplajota\/wp-json\/wp\/v2\/types\/post"}],"author":[{"embeddable":true,"href":"https:\/\/agora.xtec.cat\/ceiplajota\/wp-json\/wp\/v2\/users\/34"}],"replies":[{"embeddable":true,"href":"https:\/\/agora.xtec.cat\/ceiplajota\/wp-json\/wp\/v2\/comments?post=6404"}],"version-history":[{"count":1,"href":"https:\/\/agora.xtec.cat\/ceiplajota\/wp-json\/wp\/v2\/posts\/6404\/revisions"}],"predecessor-version":[{"id":6406,"href":"https:\/\/agora.xtec.cat\/ceiplajota\/wp-json\/wp\/v2\/posts\/6404\/revisions\/6406"}],"wp:featuredmedia":[{"embeddable":true,"href":"https:\/\/agora.xtec.cat\/ceiplajota\/wp-json\/wp\/v2\/media\/6405"}],"wp:attachment":[{"href":"https:\/\/agora.xtec.cat\/ceiplajota\/wp-json\/wp\/v2\/media?parent=6404"}],"wp:term":[{"taxonomy":"category","embeddable":true,"href":"https:\/\/agora.xtec.cat\/ceiplajota\/wp-json\/wp\/v2\/categories?post=6404"},{"taxonomy":"post_tag","embeddable":true,"href":"https:\/\/agora.xtec.cat\/ceiplajota\/wp-json\/wp\/v2\/tags?post=6404"}],"curies":[{"name":"wp","href":"https:\/\/api.w.org\/{rel}","templated":true}]}}