{"id":6384,"date":"2024-09-26T23:27:07","date_gmt":"2024-09-26T21:27:07","guid":{"rendered":"https:\/\/agora.xtec.cat\/ceiplajota\/?p=6384"},"modified":"2024-09-30T12:58:47","modified_gmt":"2024-09-30T10:58:47","slug":"2n-va-a-camina-descalc","status":"publish","type":"post","link":"https:\/\/agora.xtec.cat\/ceiplajota\/general\/2n-va-a-camina-descalc\/","title":{"rendered":"2n a la Selva de l&#8217;Aventura!!"},"content":{"rendered":"<p><a href=\"https:\/\/agora.xtec.cat\/ceiplajota\/wp-content\/uploads\/usu1571\/2024\/09\/Post-de-Instagram-Verano-descanso-Minimalista-Marron-3.jpg\"><img loading=\"lazy\" decoding=\"async\" class=\"wp-image-6389 aligncenter\" src=\"https:\/\/agora.xtec.cat\/ceiplajota\/wp-content\/uploads\/usu1571\/2024\/09\/Post-de-Instagram-Verano-descanso-Minimalista-Marron-3-1024x1024.jpg\" alt=\"\" width=\"549\" height=\"549\" srcset=\"https:\/\/agora.xtec.cat\/ceiplajota\/wp-content\/uploads\/usu1571\/2024\/09\/Post-de-Instagram-Verano-descanso-Minimalista-Marron-3-1024x1024.jpg 1024w, https:\/\/agora.xtec.cat\/ceiplajota\/wp-content\/uploads\/usu1571\/2024\/09\/Post-de-Instagram-Verano-descanso-Minimalista-Marron-3-300x300.jpg 300w, https:\/\/agora.xtec.cat\/ceiplajota\/wp-content\/uploads\/usu1571\/2024\/09\/Post-de-Instagram-Verano-descanso-Minimalista-Marron-3-150x150.jpg 150w, https:\/\/agora.xtec.cat\/ceiplajota\/wp-content\/uploads\/usu1571\/2024\/09\/Post-de-Instagram-Verano-descanso-Minimalista-Marron-3-768x768.jpg 768w, https:\/\/agora.xtec.cat\/ceiplajota\/wp-content\/uploads\/usu1571\/2024\/09\/Post-de-Instagram-Verano-descanso-Minimalista-Marron-3.jpg 1080w\" sizes=\"auto, (max-width: 549px) 100vw, 549px\" \/><\/a><\/p>\n<p>Segona de prim\u00e0ria ha anat a La Selva de l&#8217;aventura i all\u00e0 han realitzat l&#8217;activitat de Camina descal\u00e7. \u00c9s un recorregut ple d&#8217;emocions on els nens i nenes experimenten amb tots els seus sentits: vista, olfacte, tacte i o\u00efda. El recorregut es realitza descal\u00e7 en mig de la naturalesa i durant tot el recorregut poden gaudir de la fauna i vegetaci\u00f3 de la zona. Han vist insectes, bolets, alzines sureres, maduixes silvestres, entre moltes altres. Han gaudit molt!!<\/p>\n<p><a href=\"https:\/\/photos.app.goo.gl\/7VEsrGAbUFrV1Ria6\">Recull de fotos<\/a><\/p>\n","protected":false},"excerpt":{"rendered":"<p><a href=\"https:\/\/agora.xtec.cat\/ceiplajota\/wp-content\/uploads\/usu1571\/2024\/09\/Post-de-Instagram-Verano-descanso-Minimalista-Marron-3.jpg\"><\/a><br \/>\nSegona de prim\u00e0ria ha anat a La Selva de l&#8217;aventura i all\u00e0 han realitzat l&#8217;activitat de Camina descal\u00e7. \u00c9s un recorregut ple d&#8217;emocions on els nens i nenes experimenten amb tots els seus sentits: vista, olfacte, tacte i o\u00efda. El recorregut es realitza descal\u00e7&hellip;  <a href=\"https:\/\/agora.xtec.cat\/ceiplajota\/general\/2n-va-a-camina-descalc\/\" title=\"Read 2n a la Selva de l&#8217;Aventura!!\">Llegeix m\u00e9s\u00bb<\/a><\/p>\n","protected":false},"author":34,"featured_media":6385,"comment_status":"open","ping_status":"closed","sticky":false,"template":"","format":"standard","meta":{"_bbp_topic_count":0,"_bbp_reply_count":0,"_bbp_total_topic_count":0,"_bbp_total_reply_count":0,"_bbp_voice_count":0,"_bbp_anonymous_reply_count":0,"_bbp_topic_count_hidden":0,"_bbp_reply_count_hidden":0,"_bbp_forum_subforum_count":0,"footnotes":""},"categories":[1],"tags":[],"class_list":["post-6384","post","type-post","status-publish","format-standard","has-post-thumbnail","hentry","category-general"],"post_mailing_queue_ids":[],"_links":{"self":[{"href":"https:\/\/agora.xtec.cat\/ceiplajota\/wp-json\/wp\/v2\/posts\/6384","targetHints":{"allow":["GET"]}}],"collection":[{"href":"https:\/\/agora.xtec.cat\/ceiplajota\/wp-json\/wp\/v2\/posts"}],"about":[{"href":"https:\/\/agora.xtec.cat\/ceiplajota\/wp-json\/wp\/v2\/types\/post"}],"author":[{"embeddable":true,"href":"https:\/\/agora.xtec.cat\/ceiplajota\/wp-json\/wp\/v2\/users\/34"}],"replies":[{"embeddable":true,"href":"https:\/\/agora.xtec.cat\/ceiplajota\/wp-json\/wp\/v2\/comments?post=6384"}],"version-history":[{"count":5,"href":"https:\/\/agora.xtec.cat\/ceiplajota\/wp-json\/wp\/v2\/posts\/6384\/revisions"}],"predecessor-version":[{"id":6399,"href":"https:\/\/agora.xtec.cat\/ceiplajota\/wp-json\/wp\/v2\/posts\/6384\/revisions\/6399"}],"wp:featuredmedia":[{"embeddable":true,"href":"https:\/\/agora.xtec.cat\/ceiplajota\/wp-json\/wp\/v2\/media\/6385"}],"wp:attachment":[{"href":"https:\/\/agora.xtec.cat\/ceiplajota\/wp-json\/wp\/v2\/media?parent=6384"}],"wp:term":[{"taxonomy":"category","embeddable":true,"href":"https:\/\/agora.xtec.cat\/ceiplajota\/wp-json\/wp\/v2\/categories?post=6384"},{"taxonomy":"post_tag","embeddable":true,"href":"https:\/\/agora.xtec.cat\/ceiplajota\/wp-json\/wp\/v2\/tags?post=6384"}],"curies":[{"name":"wp","href":"https:\/\/api.w.org\/{rel}","templated":true}]}}