{"id":6379,"date":"2024-09-09T13:22:06","date_gmt":"2024-09-09T11:22:06","guid":{"rendered":"https:\/\/agora.xtec.cat\/ceiplajota\/?p=6379"},"modified":"2024-09-09T13:24:43","modified_gmt":"2024-09-09T11:24:43","slug":"comencem-el-nou-curs","status":"publish","type":"post","link":"https:\/\/agora.xtec.cat\/ceiplajota\/general\/comencem-el-nou-curs\/","title":{"rendered":"COMENCEM EL NOU CURS"},"content":{"rendered":"<p>Avui dilluns dia 9 de setembre hem comen\u00e7at el nou curs 24-25 amb tot l&#8217;alumnat (infantil, prim\u00e0ria i secund\u00e0ria). Un dia ple d&#8217;emocions, nervis i moltes ganes.<\/p>\n<p>Ha anat tot molt b\u00e9: l&#8217;arribada, trobar-se als companys i companyes, els mestres, les classes ben maques i preparades, els patis on jugar durant l&#8217;esbarjo, el menjador,&#8230;<\/p>\n<p>Compartim amb tots i totes el missatge de la nova consellera.<\/p>\n<p>FELI\u00c7 CURS 2024-2025<\/p>\n<p><a href=\"https:\/\/agora.xtec.cat\/ceiplajota\/wp-content\/uploads\/usu1571\/2024\/09\/Consellera.png\"><img loading=\"lazy\" decoding=\"async\" class=\"aligncenter size-full wp-image-6380\" src=\"https:\/\/agora.xtec.cat\/ceiplajota\/wp-content\/uploads\/usu1571\/2024\/09\/Consellera.png\" alt=\"\" width=\"529\" height=\"622\" srcset=\"https:\/\/agora.xtec.cat\/ceiplajota\/wp-content\/uploads\/usu1571\/2024\/09\/Consellera.png 529w, https:\/\/agora.xtec.cat\/ceiplajota\/wp-content\/uploads\/usu1571\/2024\/09\/Consellera-255x300.png 255w\" sizes=\"auto, (max-width: 529px) 100vw, 529px\" \/><\/a><\/p>\n","protected":false},"excerpt":{"rendered":"<p>Avui dilluns dia 9 de setembre hem comen\u00e7at el nou curs 24-25 amb tot l&#8217;alumnat (infantil, prim\u00e0ria i secund\u00e0ria). Un dia ple d&#8217;emocions, nervis i moltes ganes.<br \/>\nHa anat tot molt b\u00e9: l&#8217;arribada, trobar-se als companys i companyes, els mestres, les classes ben maques i preparades,&hellip;  <a href=\"https:\/\/agora.xtec.cat\/ceiplajota\/general\/comencem-el-nou-curs\/\" title=\"Read COMENCEM EL NOU CURS\">Llegeix m\u00e9s\u00bb<\/a><\/p>\n","protected":false},"author":1,"featured_media":6382,"comment_status":"open","ping_status":"closed","sticky":false,"template":"","format":"standard","meta":{"_bbp_topic_count":0,"_bbp_reply_count":0,"_bbp_total_topic_count":0,"_bbp_total_reply_count":0,"_bbp_voice_count":0,"_bbp_anonymous_reply_count":0,"_bbp_topic_count_hidden":0,"_bbp_reply_count_hidden":0,"_bbp_forum_subforum_count":0,"footnotes":""},"categories":[1],"tags":[],"class_list":["post-6379","post","type-post","status-publish","format-standard","has-post-thumbnail","hentry","category-general"],"post_mailing_queue_ids":[],"_links":{"self":[{"href":"https:\/\/agora.xtec.cat\/ceiplajota\/wp-json\/wp\/v2\/posts\/6379","targetHints":{"allow":["GET"]}}],"collection":[{"href":"https:\/\/agora.xtec.cat\/ceiplajota\/wp-json\/wp\/v2\/posts"}],"about":[{"href":"https:\/\/agora.xtec.cat\/ceiplajota\/wp-json\/wp\/v2\/types\/post"}],"author":[{"embeddable":true,"href":"https:\/\/agora.xtec.cat\/ceiplajota\/wp-json\/wp\/v2\/users\/1"}],"replies":[{"embeddable":true,"href":"https:\/\/agora.xtec.cat\/ceiplajota\/wp-json\/wp\/v2\/comments?post=6379"}],"version-history":[{"count":1,"href":"https:\/\/agora.xtec.cat\/ceiplajota\/wp-json\/wp\/v2\/posts\/6379\/revisions"}],"predecessor-version":[{"id":6381,"href":"https:\/\/agora.xtec.cat\/ceiplajota\/wp-json\/wp\/v2\/posts\/6379\/revisions\/6381"}],"wp:featuredmedia":[{"embeddable":true,"href":"https:\/\/agora.xtec.cat\/ceiplajota\/wp-json\/wp\/v2\/media\/6382"}],"wp:attachment":[{"href":"https:\/\/agora.xtec.cat\/ceiplajota\/wp-json\/wp\/v2\/media?parent=6379"}],"wp:term":[{"taxonomy":"category","embeddable":true,"href":"https:\/\/agora.xtec.cat\/ceiplajota\/wp-json\/wp\/v2\/categories?post=6379"},{"taxonomy":"post_tag","embeddable":true,"href":"https:\/\/agora.xtec.cat\/ceiplajota\/wp-json\/wp\/v2\/tags?post=6379"}],"curies":[{"name":"wp","href":"https:\/\/api.w.org\/{rel}","templated":true}]}}