{"id":6335,"date":"2024-06-19T17:15:49","date_gmt":"2024-06-19T15:15:49","guid":{"rendered":"https:\/\/agora.xtec.cat\/ceiplajota\/?p=6335"},"modified":"2024-06-23T20:18:19","modified_gmt":"2024-06-23T18:18:19","slug":"infadimed","status":"publish","type":"post","link":"https:\/\/agora.xtec.cat\/ceiplajota\/general\/infadimed\/","title":{"rendered":"INFADIMED"},"content":{"rendered":"<p>L&#8217;Institut Escola La Jota hem estat centre pilot aquest curs 2023-2024 realitzant el projecte <strong><span style=\"color: #0000ff;\">INFA<\/span><span style=\"color: #ff0000;\">DI<\/span><span style=\"color: #00ff00;\">MED<span style=\"color: #000000;\">.<\/span><\/span><\/strong><\/p>\n<p>La Neus G\u00f3mez<span style=\"font-weight: 400;\"> , Infermera especialista en Pediatria del servei de Pediatria del Cap Badia del Vall\u00e9s ens va presentar el programa.<\/span><\/p>\n<p><span style=\"font-weight: 400;\">INFADIMED (Inf\u00e0ncia i Dieta Mediterr\u00e0nia) \u00e9s un programa que fa promoci\u00f3 de la Dieta Mediterr\u00e0nia i estils de vida saludable i que est\u00e0 liderat per professionals d\u2019infermeria d\u2019atenci\u00f3 prim\u00e0ria de l\u2019Institut Catal\u00e0 de la Salut. En aquest cas el Cap Badia del Vall\u00e8s.<\/span><\/p>\n<p><span style=\"font-weight: 400;\">El programa est\u00e0 dirigit a alumnes d\u2019<\/span><b>educaci\u00f3 infantil i prim\u00e0ria<\/b><span style=\"font-weight: 400;\"> amb l\u2019objectiu de donar eines als infants per tal que puguin decidir qu\u00e8 \u00e9s m\u00e9s benefici\u00f3s per a la seva salut.<\/span><\/p>\n<p>Aquests programa s&#8217;ha realitzat a les classes d&#8217;i3 i s&#8217;espera poder continuar amb ell el proper curs 2024-2025 a i3 i i4.<\/p>\n<p>Moltes gr\u00e0cies equip d&#8217;infermeria del CAP <span style=\"font-weight: 400;\">Badia del Vall\u00e8s.<\/span><\/p>\n<p><a href=\"https:\/\/agora.xtec.cat\/ceiplajota\/wp-content\/uploads\/usu1571\/2024\/06\/INFADIMED.png\"><img loading=\"lazy\" decoding=\"async\" class=\"aligncenter size-full wp-image-6336\" src=\"https:\/\/agora.xtec.cat\/ceiplajota\/wp-content\/uploads\/usu1571\/2024\/06\/INFADIMED.png\" alt=\"\" width=\"550\" height=\"330\" srcset=\"https:\/\/agora.xtec.cat\/ceiplajota\/wp-content\/uploads\/usu1571\/2024\/06\/INFADIMED.png 550w, https:\/\/agora.xtec.cat\/ceiplajota\/wp-content\/uploads\/usu1571\/2024\/06\/INFADIMED-300x180.png 300w\" sizes=\"auto, (max-width: 550px) 100vw, 550px\" \/><\/a><\/p>\n<p><a href=\"https:\/\/agora.xtec.cat\/ceiplajota\/wp-content\/uploads\/usu1571\/2024\/06\/Captura-de-pantalla-2024-06-23-201442.png\"><img loading=\"lazy\" decoding=\"async\" class=\"aligncenter size-full wp-image-6339\" src=\"https:\/\/agora.xtec.cat\/ceiplajota\/wp-content\/uploads\/usu1571\/2024\/06\/Captura-de-pantalla-2024-06-23-201442.png\" alt=\"\" width=\"605\" height=\"174\" srcset=\"https:\/\/agora.xtec.cat\/ceiplajota\/wp-content\/uploads\/usu1571\/2024\/06\/Captura-de-pantalla-2024-06-23-201442.png 605w, https:\/\/agora.xtec.cat\/ceiplajota\/wp-content\/uploads\/usu1571\/2024\/06\/Captura-de-pantalla-2024-06-23-201442-300x86.png 300w\" sizes=\"auto, (max-width: 605px) 100vw, 605px\" \/><\/a><\/p>\n","protected":false},"excerpt":{"rendered":"<p>L&#8217;Institut Escola La Jota hem estat centre pilot aquest curs 2023-2024 realitzant el projecte INFADIMED.<br \/>\nLa Neus G\u00f3mez , Infermera especialista en Pediatria del servei de Pediatria del Cap Badia del Vall\u00e9s ens va presentar el programa.<br \/>\nINFADIMED (Inf\u00e0ncia i Dieta Mediterr\u00e0nia) \u00e9s un programa que fa&hellip;  <a href=\"https:\/\/agora.xtec.cat\/ceiplajota\/general\/infadimed\/\" title=\"Read INFADIMED\">Llegeix m\u00e9s\u00bb<\/a><\/p>\n","protected":false},"author":1,"featured_media":6337,"comment_status":"open","ping_status":"closed","sticky":false,"template":"","format":"standard","meta":{"_bbp_topic_count":0,"_bbp_reply_count":0,"_bbp_total_topic_count":0,"_bbp_total_reply_count":0,"_bbp_voice_count":0,"_bbp_anonymous_reply_count":0,"_bbp_topic_count_hidden":0,"_bbp_reply_count_hidden":0,"_bbp_forum_subforum_count":0,"footnotes":""},"categories":[1],"tags":[],"class_list":["post-6335","post","type-post","status-publish","format-standard","has-post-thumbnail","hentry","category-general"],"post_mailing_queue_ids":[],"_links":{"self":[{"href":"https:\/\/agora.xtec.cat\/ceiplajota\/wp-json\/wp\/v2\/posts\/6335","targetHints":{"allow":["GET"]}}],"collection":[{"href":"https:\/\/agora.xtec.cat\/ceiplajota\/wp-json\/wp\/v2\/posts"}],"about":[{"href":"https:\/\/agora.xtec.cat\/ceiplajota\/wp-json\/wp\/v2\/types\/post"}],"author":[{"embeddable":true,"href":"https:\/\/agora.xtec.cat\/ceiplajota\/wp-json\/wp\/v2\/users\/1"}],"replies":[{"embeddable":true,"href":"https:\/\/agora.xtec.cat\/ceiplajota\/wp-json\/wp\/v2\/comments?post=6335"}],"version-history":[{"count":2,"href":"https:\/\/agora.xtec.cat\/ceiplajota\/wp-json\/wp\/v2\/posts\/6335\/revisions"}],"predecessor-version":[{"id":6340,"href":"https:\/\/agora.xtec.cat\/ceiplajota\/wp-json\/wp\/v2\/posts\/6335\/revisions\/6340"}],"wp:featuredmedia":[{"embeddable":true,"href":"https:\/\/agora.xtec.cat\/ceiplajota\/wp-json\/wp\/v2\/media\/6337"}],"wp:attachment":[{"href":"https:\/\/agora.xtec.cat\/ceiplajota\/wp-json\/wp\/v2\/media?parent=6335"}],"wp:term":[{"taxonomy":"category","embeddable":true,"href":"https:\/\/agora.xtec.cat\/ceiplajota\/wp-json\/wp\/v2\/categories?post=6335"},{"taxonomy":"post_tag","embeddable":true,"href":"https:\/\/agora.xtec.cat\/ceiplajota\/wp-json\/wp\/v2\/tags?post=6335"}],"curies":[{"name":"wp","href":"https:\/\/api.w.org\/{rel}","templated":true}]}}