{"id":6313,"date":"2024-06-19T17:00:37","date_gmt":"2024-06-19T15:00:37","guid":{"rendered":"https:\/\/agora.xtec.cat\/ceiplajota\/?p=6313"},"modified":"2024-06-19T18:37:30","modified_gmt":"2024-06-19T16:37:30","slug":"fi-de-curs-actuacions","status":"publish","type":"post","link":"https:\/\/agora.xtec.cat\/ceiplajota\/general\/fi-de-curs-actuacions\/","title":{"rendered":"FI DE CURS. ACTUACIONS"},"content":{"rendered":"<p>El dimecres dia 19 de juny de 2024 l&#8217;alumnat d&#8217;educaci\u00f3 infantil i3 i i4, de cicle inicial, de cicle mitj\u00e0 i de 5\u00e8 de prim\u00e0ria ha actuat per les seves fam\u00edlies al pati del davant de l&#8217;Institut Escola La Jota.<\/p>\n<p>Nens i nenes han ballat i alguns cantat i ho han fet de meravella.<\/p>\n<p>L&#8217;equip docent, administraci\u00f3 i consergeria del centre us\u00a0 desitja a tots i totes un molt bon estiu.<\/p>\n<p>Si en voleu veure fotografies, cliqueu aqu\u00ed.<\/p>\n<p><a href=\"https:\/\/photos.app.goo.gl\/mV9Ym9nubJusvvyp9\" target=\"_blank\" rel=\"noopener\">Educaci\u00f3 Infantil i3<\/a><\/p>\n<p><a href=\"https:\/\/photos.app.goo.gl\/4FCzJWES89f7awpu5\" target=\"_blank\" rel=\"noopener\">Educaci\u00f3 Infantil i4<\/a><\/p>\n<p><a href=\"https:\/\/photos.app.goo.gl\/rjg7gfejVcBpbTi78\" target=\"_blank\" rel=\"noopener\">1r de Prim\u00e0ria<\/a><\/p>\n<p><a href=\"https:\/\/photos.app.goo.gl\/2KLJtZiUuELGaSvx7\" target=\"_blank\" rel=\"noopener\">2n de Prim\u00e0ria<\/a><\/p>\n<p><a href=\"https:\/\/photos.app.goo.gl\/uyWUo88ZypocVEC27\" target=\"_blank\" rel=\"noopener\">3r de Prim\u00e0ria<\/a><\/p>\n<p><a href=\"https:\/\/photos.app.goo.gl\/z62SDWw3vdzPzDHn7\" target=\"_blank\" rel=\"noopener\">4t de Prim\u00e0ria<\/a><\/p>\n<p><a href=\"https:\/\/photos.app.goo.gl\/Lecwdwj5vh8dub2V7\" target=\"_blank\" rel=\"noopener\">5\u00e8 de Prim\u00e0ria<\/a><\/p>\n","protected":false},"excerpt":{"rendered":"<p>El dimecres dia 19 de juny de 2024 l&#8217;alumnat d&#8217;educaci\u00f3 infantil i3 i i4, de cicle inicial, de cicle mitj\u00e0 i de 5\u00e8 de prim\u00e0ria ha actuat per les seves fam\u00edlies al pati del davant de l&#8217;Institut Escola La Jota.<br \/>\nNens i nenes han ballat i&hellip;  <a href=\"https:\/\/agora.xtec.cat\/ceiplajota\/general\/fi-de-curs-actuacions\/\" title=\"Read FI DE CURS. ACTUACIONS\">Llegeix m\u00e9s\u00bb<\/a><\/p>\n","protected":false},"author":1,"featured_media":6314,"comment_status":"open","ping_status":"closed","sticky":false,"template":"","format":"standard","meta":{"_bbp_topic_count":0,"_bbp_reply_count":0,"_bbp_total_topic_count":0,"_bbp_total_reply_count":0,"_bbp_voice_count":0,"_bbp_anonymous_reply_count":0,"_bbp_topic_count_hidden":0,"_bbp_reply_count_hidden":0,"_bbp_forum_subforum_count":0,"footnotes":""},"categories":[1],"tags":[],"class_list":["post-6313","post","type-post","status-publish","format-standard","has-post-thumbnail","hentry","category-general"],"post_mailing_queue_ids":[],"_links":{"self":[{"href":"https:\/\/agora.xtec.cat\/ceiplajota\/wp-json\/wp\/v2\/posts\/6313","targetHints":{"allow":["GET"]}}],"collection":[{"href":"https:\/\/agora.xtec.cat\/ceiplajota\/wp-json\/wp\/v2\/posts"}],"about":[{"href":"https:\/\/agora.xtec.cat\/ceiplajota\/wp-json\/wp\/v2\/types\/post"}],"author":[{"embeddable":true,"href":"https:\/\/agora.xtec.cat\/ceiplajota\/wp-json\/wp\/v2\/users\/1"}],"replies":[{"embeddable":true,"href":"https:\/\/agora.xtec.cat\/ceiplajota\/wp-json\/wp\/v2\/comments?post=6313"}],"version-history":[{"count":4,"href":"https:\/\/agora.xtec.cat\/ceiplajota\/wp-json\/wp\/v2\/posts\/6313\/revisions"}],"predecessor-version":[{"id":6318,"href":"https:\/\/agora.xtec.cat\/ceiplajota\/wp-json\/wp\/v2\/posts\/6313\/revisions\/6318"}],"wp:featuredmedia":[{"embeddable":true,"href":"https:\/\/agora.xtec.cat\/ceiplajota\/wp-json\/wp\/v2\/media\/6314"}],"wp:attachment":[{"href":"https:\/\/agora.xtec.cat\/ceiplajota\/wp-json\/wp\/v2\/media?parent=6313"}],"wp:term":[{"taxonomy":"category","embeddable":true,"href":"https:\/\/agora.xtec.cat\/ceiplajota\/wp-json\/wp\/v2\/categories?post=6313"},{"taxonomy":"post_tag","embeddable":true,"href":"https:\/\/agora.xtec.cat\/ceiplajota\/wp-json\/wp\/v2\/tags?post=6313"}],"curies":[{"name":"wp","href":"https:\/\/api.w.org\/{rel}","templated":true}]}}