{"id":6309,"date":"2024-06-18T14:15:52","date_gmt":"2024-06-18T12:15:52","guid":{"rendered":"https:\/\/agora.xtec.cat\/ceiplajota\/?p=6309"},"modified":"2024-06-18T14:19:25","modified_gmt":"2024-06-18T12:19:25","slug":"waterpolo-a-2n-de-primaria","status":"publish","type":"post","link":"https:\/\/agora.xtec.cat\/ceiplajota\/general\/waterpolo-a-2n-de-primaria\/","title":{"rendered":"Waterpolo a 2n de prim\u00e0ria"},"content":{"rendered":"<p style=\"text-align: center;\"><a href=\"https:\/\/agora.xtec.cat\/ceiplajota\/wp-content\/uploads\/usu1571\/2024\/06\/Podcast-cover-con-collage-de-fotos-para-hablar-de-polo-acuatico-scaled.jpg\"><img loading=\"lazy\" decoding=\"async\" class=\"alignnone wp-image-6310\" src=\"https:\/\/agora.xtec.cat\/ceiplajota\/wp-content\/uploads\/usu1571\/2024\/06\/Podcast-cover-con-collage-de-fotos-para-hablar-de-polo-acuatico-1024x1024.jpg\" alt=\"\" width=\"312\" height=\"312\" srcset=\"https:\/\/agora.xtec.cat\/ceiplajota\/wp-content\/uploads\/usu1571\/2024\/06\/Podcast-cover-con-collage-de-fotos-para-hablar-de-polo-acuatico-1024x1024.jpg 1024w, https:\/\/agora.xtec.cat\/ceiplajota\/wp-content\/uploads\/usu1571\/2024\/06\/Podcast-cover-con-collage-de-fotos-para-hablar-de-polo-acuatico-300x300.jpg 300w, https:\/\/agora.xtec.cat\/ceiplajota\/wp-content\/uploads\/usu1571\/2024\/06\/Podcast-cover-con-collage-de-fotos-para-hablar-de-polo-acuatico-150x150.jpg 150w, https:\/\/agora.xtec.cat\/ceiplajota\/wp-content\/uploads\/usu1571\/2024\/06\/Podcast-cover-con-collage-de-fotos-para-hablar-de-polo-acuatico-768x768.jpg 768w, https:\/\/agora.xtec.cat\/ceiplajota\/wp-content\/uploads\/usu1571\/2024\/06\/Podcast-cover-con-collage-de-fotos-para-hablar-de-polo-acuatico-1536x1536.jpg 1536w, https:\/\/agora.xtec.cat\/ceiplajota\/wp-content\/uploads\/usu1571\/2024\/06\/Podcast-cover-con-collage-de-fotos-para-hablar-de-polo-acuatico-2048x2048.jpg 2048w\" sizes=\"auto, (max-width: 312px) 100vw, 312px\" \/><\/a><\/p>\n<p>Els nens i nenes de 2n de prim\u00e0ria han pogut gaudir de l&#8217;activitat: iniciaci\u00f3 al waterpolo. Durant dues setmanes, han practicat diferents t\u00e8cniques. S&#8217;ho han passat molt b\u00e9 i us animem a que practiquin molt d&#8217;esport.<\/p>\n<p><a href=\"https:\/\/photos.app.goo.gl\/3ni4D5xDHwHjYiLA6\">Enlla\u00e7 per veure les fotos<\/a><\/p>\n","protected":false},"excerpt":{"rendered":"<p><a href=\"https:\/\/agora.xtec.cat\/ceiplajota\/wp-content\/uploads\/usu1571\/2024\/06\/Podcast-cover-con-collage-de-fotos-para-hablar-de-polo-acuatico-scaled.jpg\"><\/a><br \/>\nEls nens i nenes de 2n de prim\u00e0ria han pogut gaudir de l&#8217;activitat: iniciaci\u00f3 al waterpolo. Durant dues setmanes, han practicat diferents t\u00e8cniques. S&#8217;ho han passat molt b\u00e9 i us animem a que practiquin molt d&#8217;esport.<br \/>\n<a href=\"https:\/\/photos.app.goo.gl\/3ni4D5xDHwHjYiLA6\">Enlla\u00e7 per veure les fotos<\/a><\/p>\n","protected":false},"author":34,"featured_media":6310,"comment_status":"open","ping_status":"closed","sticky":false,"template":"","format":"standard","meta":{"_bbp_topic_count":0,"_bbp_reply_count":0,"_bbp_total_topic_count":0,"_bbp_total_reply_count":0,"_bbp_voice_count":0,"_bbp_anonymous_reply_count":0,"_bbp_topic_count_hidden":0,"_bbp_reply_count_hidden":0,"_bbp_forum_subforum_count":0,"footnotes":""},"categories":[1],"tags":[],"class_list":["post-6309","post","type-post","status-publish","format-standard","has-post-thumbnail","hentry","category-general"],"post_mailing_queue_ids":[],"_links":{"self":[{"href":"https:\/\/agora.xtec.cat\/ceiplajota\/wp-json\/wp\/v2\/posts\/6309","targetHints":{"allow":["GET"]}}],"collection":[{"href":"https:\/\/agora.xtec.cat\/ceiplajota\/wp-json\/wp\/v2\/posts"}],"about":[{"href":"https:\/\/agora.xtec.cat\/ceiplajota\/wp-json\/wp\/v2\/types\/post"}],"author":[{"embeddable":true,"href":"https:\/\/agora.xtec.cat\/ceiplajota\/wp-json\/wp\/v2\/users\/34"}],"replies":[{"embeddable":true,"href":"https:\/\/agora.xtec.cat\/ceiplajota\/wp-json\/wp\/v2\/comments?post=6309"}],"version-history":[{"count":2,"href":"https:\/\/agora.xtec.cat\/ceiplajota\/wp-json\/wp\/v2\/posts\/6309\/revisions"}],"predecessor-version":[{"id":6312,"href":"https:\/\/agora.xtec.cat\/ceiplajota\/wp-json\/wp\/v2\/posts\/6309\/revisions\/6312"}],"wp:featuredmedia":[{"embeddable":true,"href":"https:\/\/agora.xtec.cat\/ceiplajota\/wp-json\/wp\/v2\/media\/6310"}],"wp:attachment":[{"href":"https:\/\/agora.xtec.cat\/ceiplajota\/wp-json\/wp\/v2\/media?parent=6309"}],"wp:term":[{"taxonomy":"category","embeddable":true,"href":"https:\/\/agora.xtec.cat\/ceiplajota\/wp-json\/wp\/v2\/categories?post=6309"},{"taxonomy":"post_tag","embeddable":true,"href":"https:\/\/agora.xtec.cat\/ceiplajota\/wp-json\/wp\/v2\/tags?post=6309"}],"curies":[{"name":"wp","href":"https:\/\/api.w.org\/{rel}","templated":true}]}}