{"id":6276,"date":"2024-06-06T10:33:44","date_gmt":"2024-06-06T08:33:44","guid":{"rendered":"https:\/\/agora.xtec.cat\/ceiplajota\/?p=6276"},"modified":"2024-06-06T10:33:44","modified_gmt":"2024-06-06T08:33:44","slug":"una-tarda-molt-familiar","status":"publish","type":"post","link":"https:\/\/agora.xtec.cat\/ceiplajota\/general\/una-tarda-molt-familiar\/","title":{"rendered":"Una tarda molt familiar."},"content":{"rendered":"<p>Hola, fam\u00edlies de l&#8217;escola.<\/p>\n<p>Ens agradaria\u00a0 explica<a href=\"https:\/\/agora.xtec.cat\/ceiplajota\/wp-content\/uploads\/usu1571\/2024\/06\/unnamed-1.jpg\"><img loading=\"lazy\" decoding=\"async\" class=\"size-full wp-image-6279 alignright\" src=\"https:\/\/agora.xtec.cat\/ceiplajota\/wp-content\/uploads\/usu1571\/2024\/06\/unnamed-1.jpg\" alt=\"\" width=\"448\" height=\"336\" srcset=\"https:\/\/agora.xtec.cat\/ceiplajota\/wp-content\/uploads\/usu1571\/2024\/06\/unnamed-1.jpg 448w, https:\/\/agora.xtec.cat\/ceiplajota\/wp-content\/uploads\/usu1571\/2024\/06\/unnamed-1-300x225.jpg 300w, https:\/\/agora.xtec.cat\/ceiplajota\/wp-content\/uploads\/usu1571\/2024\/06\/unnamed-1-200x150.jpg 200w\" sizes=\"auto, (max-width: 448px) 100vw, 448px\" \/><\/a>r-vos que la tarda de divendres, 31 de maig, l&#8217;escola va tenir una bonica sorpresa.<\/p>\n<p>Els nens i les nenes de I5 van poder gaudir a l&#8217;escola d&#8217;una tarda ben divertida acompanyats dels seus familiars. Que b\u00e9 poder compartir <a href=\"https:\/\/photos.app.goo.gl\/c6TFWcE4eWRYAuiz8\">alguns d&#8217;aquests moments<\/a> tan bonics!<\/p>\n<p>Moltes gr\u00e0cies fam\u00edlies per la vostra participaci\u00f3.<\/p>\n","protected":false},"excerpt":{"rendered":"<p>Hola, fam\u00edlies de l&#8217;escola.<br \/>\nEns agradaria\u00a0 explica<a href=\"https:\/\/agora.xtec.cat\/ceiplajota\/wp-content\/uploads\/usu1571\/2024\/06\/unnamed-1.jpg\"><\/a>r-vos que la tarda de divendres, 31 de maig, l&#8217;escola va tenir una bonica sorpresa.<br \/>\nEls nens i les nenes de I5 van poder gaudir a l&#8217;escola d&#8217;una tarda ben divertida acompanyats dels seus familiars. Que b\u00e9 poder compartir <a&hellip;  <a href=\"https:\/\/agora.xtec.cat\/ceiplajota\/general\/una-tarda-molt-familiar\/\" title=\"Read Una tarda molt familiar.\">Llegeix m\u00e9s\u00bb<\/a><\/p>\n","protected":false},"author":34,"featured_media":6277,"comment_status":"closed","ping_status":"closed","sticky":false,"template":"","format":"standard","meta":{"_bbp_topic_count":0,"_bbp_reply_count":0,"_bbp_total_topic_count":0,"_bbp_total_reply_count":0,"_bbp_voice_count":0,"_bbp_anonymous_reply_count":0,"_bbp_topic_count_hidden":0,"_bbp_reply_count_hidden":0,"_bbp_forum_subforum_count":0,"footnotes":""},"categories":[1,2],"tags":[],"class_list":["post-6276","post","type-post","status-publish","format-standard","has-post-thumbnail","hentry","category-general","category-infantil"],"post_mailing_queue_ids":[],"_links":{"self":[{"href":"https:\/\/agora.xtec.cat\/ceiplajota\/wp-json\/wp\/v2\/posts\/6276","targetHints":{"allow":["GET"]}}],"collection":[{"href":"https:\/\/agora.xtec.cat\/ceiplajota\/wp-json\/wp\/v2\/posts"}],"about":[{"href":"https:\/\/agora.xtec.cat\/ceiplajota\/wp-json\/wp\/v2\/types\/post"}],"author":[{"embeddable":true,"href":"https:\/\/agora.xtec.cat\/ceiplajota\/wp-json\/wp\/v2\/users\/34"}],"replies":[{"embeddable":true,"href":"https:\/\/agora.xtec.cat\/ceiplajota\/wp-json\/wp\/v2\/comments?post=6276"}],"version-history":[{"count":3,"href":"https:\/\/agora.xtec.cat\/ceiplajota\/wp-json\/wp\/v2\/posts\/6276\/revisions"}],"predecessor-version":[{"id":6281,"href":"https:\/\/agora.xtec.cat\/ceiplajota\/wp-json\/wp\/v2\/posts\/6276\/revisions\/6281"}],"wp:featuredmedia":[{"embeddable":true,"href":"https:\/\/agora.xtec.cat\/ceiplajota\/wp-json\/wp\/v2\/media\/6277"}],"wp:attachment":[{"href":"https:\/\/agora.xtec.cat\/ceiplajota\/wp-json\/wp\/v2\/media?parent=6276"}],"wp:term":[{"taxonomy":"category","embeddable":true,"href":"https:\/\/agora.xtec.cat\/ceiplajota\/wp-json\/wp\/v2\/categories?post=6276"},{"taxonomy":"post_tag","embeddable":true,"href":"https:\/\/agora.xtec.cat\/ceiplajota\/wp-json\/wp\/v2\/tags?post=6276"}],"curies":[{"name":"wp","href":"https:\/\/api.w.org\/{rel}","templated":true}]}}