{"id":6270,"date":"2024-06-07T11:24:17","date_gmt":"2024-06-07T09:24:17","guid":{"rendered":"https:\/\/agora.xtec.cat\/ceiplajota\/?p=6270"},"modified":"2024-06-07T20:26:10","modified_gmt":"2024-06-07T18:26:10","slug":"jornada-jocs-avac-24","status":"publish","type":"post","link":"https:\/\/agora.xtec.cat\/ceiplajota\/general\/jornada-jocs-avac-24\/","title":{"rendered":"JORNADA JOCS AVAC &#8217;24"},"content":{"rendered":"<p>Divendres 7 de juny celebrem una nova jornada dels Jocs AVAC. \u00c9s un dia on tot l&#8217;alumnat del centre, juntament amb les fam\u00edlies, participa\u00a0 en activitats diverses preparades i dirigides per aquests familiars de l&#8217;alumnat de l&#8217;escola. \u00c9s una jornada divertida on es fomenta la cooperaci\u00f3, la igualtat , la responsabilitat, la pr\u00e0ctica d&#8217;activitat f\u00edsica i les relacions entre l&#8217;alumnat m\u00e9s petit i el m\u00e9s gran. Aquest any, tenim com a novetat que l&#8217;alumnat d&#8217;ESO ens ajudar\u00e0 a que tot vagi b\u00e9 col\u00b7laborant en tot el necessari durant la jornada. Tamb\u00e9 tindrem la visita de la sra. alcaldessa, el tinent d&#8217;alcaldessa i la t\u00e8cnica d&#8217;inf\u00e0ncia de l&#8217;ajuntament de Badia del Vall\u00e8s.<\/p>\n<p>Ser\u00e0 un dia GENIAL!!!<\/p>\n<p>Si voleu veure les fotografies cliqueu a la imatge.<\/p>\n<p><a href=\"https:\/\/photos.app.goo.gl\/DfNKxPjvfTBoVWqR9\"><img loading=\"lazy\" decoding=\"async\" class=\"alignnone wp-image-6271\" src=\"https:\/\/agora.xtec.cat\/ceiplajota\/wp-content\/uploads\/usu1571\/2024\/06\/Captura.jpg\" alt=\"\" width=\"329\" height=\"206\" srcset=\"https:\/\/agora.xtec.cat\/ceiplajota\/wp-content\/uploads\/usu1571\/2024\/06\/Captura.jpg 390w, https:\/\/agora.xtec.cat\/ceiplajota\/wp-content\/uploads\/usu1571\/2024\/06\/Captura-300x188.jpg 300w\" sizes=\"auto, (max-width: 329px) 100vw, 329px\" \/><\/a><\/p>\n","protected":false},"excerpt":{"rendered":"<p>Divendres 7 de juny celebrem una nova jornada dels Jocs AVAC. \u00c9s un dia on tot l&#8217;alumnat del centre, juntament amb les fam\u00edlies, participa\u00a0 en activitats diverses preparades i dirigides per aquests familiars de l&#8217;alumnat de l&#8217;escola. \u00c9s una jornada divertida on es fomenta la&hellip;  <a href=\"https:\/\/agora.xtec.cat\/ceiplajota\/general\/jornada-jocs-avac-24\/\" title=\"Read JORNADA JOCS AVAC &#8217;24\">Llegeix m\u00e9s\u00bb<\/a><\/p>\n","protected":false},"author":34,"featured_media":6289,"comment_status":"open","ping_status":"closed","sticky":false,"template":"","format":"standard","meta":{"_bbp_topic_count":0,"_bbp_reply_count":0,"_bbp_total_topic_count":0,"_bbp_total_reply_count":0,"_bbp_voice_count":0,"_bbp_anonymous_reply_count":0,"_bbp_topic_count_hidden":0,"_bbp_reply_count_hidden":0,"_bbp_forum_subforum_count":0,"footnotes":""},"categories":[1],"tags":[],"class_list":["post-6270","post","type-post","status-publish","format-standard","has-post-thumbnail","hentry","category-general"],"post_mailing_queue_ids":[],"_links":{"self":[{"href":"https:\/\/agora.xtec.cat\/ceiplajota\/wp-json\/wp\/v2\/posts\/6270","targetHints":{"allow":["GET"]}}],"collection":[{"href":"https:\/\/agora.xtec.cat\/ceiplajota\/wp-json\/wp\/v2\/posts"}],"about":[{"href":"https:\/\/agora.xtec.cat\/ceiplajota\/wp-json\/wp\/v2\/types\/post"}],"author":[{"embeddable":true,"href":"https:\/\/agora.xtec.cat\/ceiplajota\/wp-json\/wp\/v2\/users\/34"}],"replies":[{"embeddable":true,"href":"https:\/\/agora.xtec.cat\/ceiplajota\/wp-json\/wp\/v2\/comments?post=6270"}],"version-history":[{"count":6,"href":"https:\/\/agora.xtec.cat\/ceiplajota\/wp-json\/wp\/v2\/posts\/6270\/revisions"}],"predecessor-version":[{"id":6287,"href":"https:\/\/agora.xtec.cat\/ceiplajota\/wp-json\/wp\/v2\/posts\/6270\/revisions\/6287"}],"wp:featuredmedia":[{"embeddable":true,"href":"https:\/\/agora.xtec.cat\/ceiplajota\/wp-json\/wp\/v2\/media\/6289"}],"wp:attachment":[{"href":"https:\/\/agora.xtec.cat\/ceiplajota\/wp-json\/wp\/v2\/media?parent=6270"}],"wp:term":[{"taxonomy":"category","embeddable":true,"href":"https:\/\/agora.xtec.cat\/ceiplajota\/wp-json\/wp\/v2\/categories?post=6270"},{"taxonomy":"post_tag","embeddable":true,"href":"https:\/\/agora.xtec.cat\/ceiplajota\/wp-json\/wp\/v2\/tags?post=6270"}],"curies":[{"name":"wp","href":"https:\/\/api.w.org\/{rel}","templated":true}]}}