{"id":6261,"date":"2024-06-04T11:32:05","date_gmt":"2024-06-04T09:32:05","guid":{"rendered":"https:\/\/agora.xtec.cat\/ceiplajota\/?p=6261"},"modified":"2024-06-04T11:33:41","modified_gmt":"2024-06-04T09:33:41","slug":"premis-fundacio-privada-pere-closa-elsa-pereti","status":"publish","type":"post","link":"https:\/\/agora.xtec.cat\/ceiplajota\/general\/premis-fundacio-privada-pere-closa-elsa-pereti\/","title":{"rendered":"Premis Fundaci\u00f3 Privada Pere Closa &#038; Elsa Pereti"},"content":{"rendered":"<p>Dilluns dia 3 de juny al Teatre Poliorama de Barcelona va tenir lloc l&#8217;acte de lliurament de premis per part de la Fundaci\u00f3 Privada Pere Closa &amp; Elsa Pereti. L&#8217;alumne de 1r d&#8217;ESO de l&#8217;Institut Escola La Jota,\u00a0 \u00a0Jos\u00e9 Antonio Contreras Fern\u00e1ndez, va rebre el premi a la millora en la transici\u00f3 d&#8217;etapa.<\/p>\n<p>Tot l&#8217;equip docent del centre el felicita i l&#8217;anima a continuar aix\u00ed.<\/p>\n<p>&nbsp;<\/p>\n<p><a href=\"https:\/\/agora.xtec.cat\/ceiplajota\/wp-content\/uploads\/usu1571\/2024\/06\/Foto-1.png\"><img loading=\"lazy\" decoding=\"async\" class=\"aligncenter wp-image-6262\" src=\"https:\/\/agora.xtec.cat\/ceiplajota\/wp-content\/uploads\/usu1571\/2024\/06\/Foto-1-1024x587.png\" alt=\"\" width=\"766\" height=\"439\" srcset=\"https:\/\/agora.xtec.cat\/ceiplajota\/wp-content\/uploads\/usu1571\/2024\/06\/Foto-1-1024x587.png 1024w, https:\/\/agora.xtec.cat\/ceiplajota\/wp-content\/uploads\/usu1571\/2024\/06\/Foto-1-300x172.png 300w, https:\/\/agora.xtec.cat\/ceiplajota\/wp-content\/uploads\/usu1571\/2024\/06\/Foto-1-768x441.png 768w, https:\/\/agora.xtec.cat\/ceiplajota\/wp-content\/uploads\/usu1571\/2024\/06\/Foto-1.png 1128w\" sizes=\"auto, (max-width: 766px) 100vw, 766px\" \/><\/a><\/p>\n<p><a href=\"https:\/\/agora.xtec.cat\/ceiplajota\/wp-content\/uploads\/usu1571\/2024\/06\/Foto-2.png\"><img loading=\"lazy\" decoding=\"async\" class=\"aligncenter size-full wp-image-6263\" src=\"https:\/\/agora.xtec.cat\/ceiplajota\/wp-content\/uploads\/usu1571\/2024\/06\/Foto-2.png\" alt=\"\" width=\"470\" height=\"742\" srcset=\"https:\/\/agora.xtec.cat\/ceiplajota\/wp-content\/uploads\/usu1571\/2024\/06\/Foto-2.png 470w, https:\/\/agora.xtec.cat\/ceiplajota\/wp-content\/uploads\/usu1571\/2024\/06\/Foto-2-190x300.png 190w\" sizes=\"auto, (max-width: 470px) 100vw, 470px\" \/><\/a><\/p>\n<p>&nbsp;<\/p>\n","protected":false},"excerpt":{"rendered":"<p>Dilluns dia 3 de juny al Teatre Poliorama de Barcelona va tenir lloc l&#8217;acte de lliurament de premis per part de la Fundaci\u00f3 Privada Pere Closa &amp; Elsa Pereti. L&#8217;alumne de 1r d&#8217;ESO de l&#8217;Institut Escola La Jota,\u00a0 \u00a0Jos\u00e9 Antonio Contreras Fern\u00e1ndez, va rebre el&hellip;  <a href=\"https:\/\/agora.xtec.cat\/ceiplajota\/general\/premis-fundacio-privada-pere-closa-elsa-pereti\/\" title=\"Read Premis Fundaci\u00f3 Privada Pere Closa &#038; Elsa Pereti\">Llegeix m\u00e9s\u00bb<\/a><\/p>\n","protected":false},"author":1,"featured_media":6265,"comment_status":"open","ping_status":"closed","sticky":false,"template":"","format":"standard","meta":{"_bbp_topic_count":0,"_bbp_reply_count":0,"_bbp_total_topic_count":0,"_bbp_total_reply_count":0,"_bbp_voice_count":0,"_bbp_anonymous_reply_count":0,"_bbp_topic_count_hidden":0,"_bbp_reply_count_hidden":0,"_bbp_forum_subforum_count":0,"footnotes":""},"categories":[1],"tags":[],"class_list":["post-6261","post","type-post","status-publish","format-standard","has-post-thumbnail","hentry","category-general"],"post_mailing_queue_ids":[],"_links":{"self":[{"href":"https:\/\/agora.xtec.cat\/ceiplajota\/wp-json\/wp\/v2\/posts\/6261","targetHints":{"allow":["GET"]}}],"collection":[{"href":"https:\/\/agora.xtec.cat\/ceiplajota\/wp-json\/wp\/v2\/posts"}],"about":[{"href":"https:\/\/agora.xtec.cat\/ceiplajota\/wp-json\/wp\/v2\/types\/post"}],"author":[{"embeddable":true,"href":"https:\/\/agora.xtec.cat\/ceiplajota\/wp-json\/wp\/v2\/users\/1"}],"replies":[{"embeddable":true,"href":"https:\/\/agora.xtec.cat\/ceiplajota\/wp-json\/wp\/v2\/comments?post=6261"}],"version-history":[{"count":1,"href":"https:\/\/agora.xtec.cat\/ceiplajota\/wp-json\/wp\/v2\/posts\/6261\/revisions"}],"predecessor-version":[{"id":6264,"href":"https:\/\/agora.xtec.cat\/ceiplajota\/wp-json\/wp\/v2\/posts\/6261\/revisions\/6264"}],"wp:featuredmedia":[{"embeddable":true,"href":"https:\/\/agora.xtec.cat\/ceiplajota\/wp-json\/wp\/v2\/media\/6265"}],"wp:attachment":[{"href":"https:\/\/agora.xtec.cat\/ceiplajota\/wp-json\/wp\/v2\/media?parent=6261"}],"wp:term":[{"taxonomy":"category","embeddable":true,"href":"https:\/\/agora.xtec.cat\/ceiplajota\/wp-json\/wp\/v2\/categories?post=6261"},{"taxonomy":"post_tag","embeddable":true,"href":"https:\/\/agora.xtec.cat\/ceiplajota\/wp-json\/wp\/v2\/tags?post=6261"}],"curies":[{"name":"wp","href":"https:\/\/api.w.org\/{rel}","templated":true}]}}