{"id":6248,"date":"2024-05-17T21:01:29","date_gmt":"2024-05-17T19:01:29","guid":{"rendered":"https:\/\/agora.xtec.cat\/ceiplajota\/?p=6248"},"modified":"2024-05-21T21:11:26","modified_gmt":"2024-05-21T19:11:26","slug":"jornades-esportives-eso","status":"publish","type":"post","link":"https:\/\/agora.xtec.cat\/ceiplajota\/general\/jornades-esportives-eso\/","title":{"rendered":"JORNADES ESPORTIVES ESO"},"content":{"rendered":"<p>El divendres 17 de maig l&#8217;alumnat de 1r d&#8217;ESO\u00a0 de l&#8217;INSTITUT ESCOLA LA JOTA va participar en les segones JORNADES ESPORTIVES de l\u2019alumnat d\u2019ESO, juntament amb l\u2019Institut Federica Montseny. Aquestes es van celebrar a les instal\u00b7lacions de l\u2019Institut Badia del Vall\u00e8s i al Recinte Esportiu Sergi Busquets.<br \/>\nAquest esdeveniment, est\u00e0 organitzat per l\u2019alumnat de 2n del CFGM de Guia en el Medi Natural i Temps de Lleure, GMNTLL, de l\u2019INS Badia del Vall\u00e8s, on tamb\u00e9 col\u00b7laboren els i les alumnes de 1r de GMNTLL com a voluntaris.<br \/>\nL\u2019horari de la jornada va ser de 7:45h a 14:15h del mat\u00ed i es va dividir en dues franges hor\u00e0ries, abans del pati i despr\u00e9s del pati.<\/p>\n<p>Els nois i les noies s&#8217;ha van passar d&#8217;all\u00f2 m\u00e9s b\u00e9. Va ser tota una aventura esportiva.<\/p>\n<p>Podeu veure algunes fotografies clicant <a href=\"https:\/\/photos.app.goo.gl\/P86S6zKo7P7iYgzK6\" target=\"_blank\" rel=\"noopener\">aqu\u00ed<\/a>.<\/p>\n","protected":false},"excerpt":{"rendered":"<p>El divendres 17 de maig l&#8217;alumnat de 1r d&#8217;ESO\u00a0 de l&#8217;INSTITUT ESCOLA LA JOTA va participar en les segones JORNADES ESPORTIVES de l\u2019alumnat d\u2019ESO, juntament amb l\u2019Institut Federica Montseny. Aquestes es van celebrar a les instal\u00b7lacions de l\u2019Institut Badia del Vall\u00e8s i al Recinte Esportiu&hellip;  <a href=\"https:\/\/agora.xtec.cat\/ceiplajota\/general\/jornades-esportives-eso\/\" title=\"Read JORNADES ESPORTIVES ESO\">Llegeix m\u00e9s\u00bb<\/a><\/p>\n","protected":false},"author":1,"featured_media":6250,"comment_status":"open","ping_status":"closed","sticky":false,"template":"","format":"standard","meta":{"_bbp_topic_count":0,"_bbp_reply_count":0,"_bbp_total_topic_count":0,"_bbp_total_reply_count":0,"_bbp_voice_count":0,"_bbp_anonymous_reply_count":0,"_bbp_topic_count_hidden":0,"_bbp_reply_count_hidden":0,"_bbp_forum_subforum_count":0,"footnotes":""},"categories":[1],"tags":[],"class_list":["post-6248","post","type-post","status-publish","format-standard","has-post-thumbnail","hentry","category-general"],"post_mailing_queue_ids":[],"_links":{"self":[{"href":"https:\/\/agora.xtec.cat\/ceiplajota\/wp-json\/wp\/v2\/posts\/6248","targetHints":{"allow":["GET"]}}],"collection":[{"href":"https:\/\/agora.xtec.cat\/ceiplajota\/wp-json\/wp\/v2\/posts"}],"about":[{"href":"https:\/\/agora.xtec.cat\/ceiplajota\/wp-json\/wp\/v2\/types\/post"}],"author":[{"embeddable":true,"href":"https:\/\/agora.xtec.cat\/ceiplajota\/wp-json\/wp\/v2\/users\/1"}],"replies":[{"embeddable":true,"href":"https:\/\/agora.xtec.cat\/ceiplajota\/wp-json\/wp\/v2\/comments?post=6248"}],"version-history":[{"count":1,"href":"https:\/\/agora.xtec.cat\/ceiplajota\/wp-json\/wp\/v2\/posts\/6248\/revisions"}],"predecessor-version":[{"id":6249,"href":"https:\/\/agora.xtec.cat\/ceiplajota\/wp-json\/wp\/v2\/posts\/6248\/revisions\/6249"}],"wp:featuredmedia":[{"embeddable":true,"href":"https:\/\/agora.xtec.cat\/ceiplajota\/wp-json\/wp\/v2\/media\/6250"}],"wp:attachment":[{"href":"https:\/\/agora.xtec.cat\/ceiplajota\/wp-json\/wp\/v2\/media?parent=6248"}],"wp:term":[{"taxonomy":"category","embeddable":true,"href":"https:\/\/agora.xtec.cat\/ceiplajota\/wp-json\/wp\/v2\/categories?post=6248"},{"taxonomy":"post_tag","embeddable":true,"href":"https:\/\/agora.xtec.cat\/ceiplajota\/wp-json\/wp\/v2\/tags?post=6248"}],"curies":[{"name":"wp","href":"https:\/\/api.w.org\/{rel}","templated":true}]}}