{"id":6237,"date":"2024-05-21T20:37:51","date_gmt":"2024-05-21T18:37:51","guid":{"rendered":"https:\/\/agora.xtec.cat\/ceiplajota\/?p=6237"},"modified":"2024-05-21T21:43:01","modified_gmt":"2024-05-21T19:43:01","slug":"colonies-2024","status":"publish","type":"post","link":"https:\/\/agora.xtec.cat\/ceiplajota\/general\/colonies-2024\/","title":{"rendered":"COL\u00d2NIES 2024"},"content":{"rendered":"<p>El 22, 23 i 24 de maig els nens i les nenes de Prim\u00e0ria marxen de Col\u00f2nies a Coma-ruga. All\u00e0 gaudiran durant tres dies d&#8217;un munt d&#8217;activitats ben engrescadores.<\/p>\n<p>En aquest article podreu veure les fotografies de l&#8217;alumnat que ha anat de col\u00f2nies. Els i les mestres aniran penjant di\u00e0riament les imatges d\u2019aquells moments m\u00e9s especials i de les activitats m\u00e9s destacades que faran.<\/p>\n<p>Feu clic sobre el cicle que voleu veure.<\/p>\n<p><a href=\"https:\/\/photos.app.goo.gl\/9wdr9w2ctrQG5HbN6\" target=\"_blank\" rel=\"noopener\"><img loading=\"lazy\" decoding=\"async\" class=\"alignnone wp-image-6238\" src=\"https:\/\/agora.xtec.cat\/ceiplajota\/wp-content\/uploads\/usu1571\/2024\/05\/Post-de-Instagram-Aviso-Recordatorio-Notificacion-Tienda-Cerrada-Doodle-Amarillo-y-Blanco2-1024x1024.jpg\" alt=\"\" width=\"397\" height=\"397\" srcset=\"https:\/\/agora.xtec.cat\/ceiplajota\/wp-content\/uploads\/usu1571\/2024\/05\/Post-de-Instagram-Aviso-Recordatorio-Notificacion-Tienda-Cerrada-Doodle-Amarillo-y-Blanco2-1024x1024.jpg 1024w, https:\/\/agora.xtec.cat\/ceiplajota\/wp-content\/uploads\/usu1571\/2024\/05\/Post-de-Instagram-Aviso-Recordatorio-Notificacion-Tienda-Cerrada-Doodle-Amarillo-y-Blanco2-300x300.jpg 300w, https:\/\/agora.xtec.cat\/ceiplajota\/wp-content\/uploads\/usu1571\/2024\/05\/Post-de-Instagram-Aviso-Recordatorio-Notificacion-Tienda-Cerrada-Doodle-Amarillo-y-Blanco2-150x150.jpg 150w, https:\/\/agora.xtec.cat\/ceiplajota\/wp-content\/uploads\/usu1571\/2024\/05\/Post-de-Instagram-Aviso-Recordatorio-Notificacion-Tienda-Cerrada-Doodle-Amarillo-y-Blanco2-768x768.jpg 768w, https:\/\/agora.xtec.cat\/ceiplajota\/wp-content\/uploads\/usu1571\/2024\/05\/Post-de-Instagram-Aviso-Recordatorio-Notificacion-Tienda-Cerrada-Doodle-Amarillo-y-Blanco2.jpg 1080w\" sizes=\"auto, (max-width: 397px) 100vw, 397px\" \/><\/a> <a href=\"https:\/\/photos.app.goo.gl\/hzg7ufsSbQ5mRdCG8\" target=\"_blank\" rel=\"noopener\"><img loading=\"lazy\" decoding=\"async\" class=\"alignnone wp-image-6239\" src=\"https:\/\/agora.xtec.cat\/ceiplajota\/wp-content\/uploads\/usu1571\/2024\/05\/Post-de-Instagram-Aviso-Recordatorio-Notificacion-Tienda-Cerrada-Doodle-Amarillo-y-Blanco1-1024x1024.jpg\" alt=\"\" width=\"397\" height=\"397\" srcset=\"https:\/\/agora.xtec.cat\/ceiplajota\/wp-content\/uploads\/usu1571\/2024\/05\/Post-de-Instagram-Aviso-Recordatorio-Notificacion-Tienda-Cerrada-Doodle-Amarillo-y-Blanco1-1024x1024.jpg 1024w, https:\/\/agora.xtec.cat\/ceiplajota\/wp-content\/uploads\/usu1571\/2024\/05\/Post-de-Instagram-Aviso-Recordatorio-Notificacion-Tienda-Cerrada-Doodle-Amarillo-y-Blanco1-300x300.jpg 300w, https:\/\/agora.xtec.cat\/ceiplajota\/wp-content\/uploads\/usu1571\/2024\/05\/Post-de-Instagram-Aviso-Recordatorio-Notificacion-Tienda-Cerrada-Doodle-Amarillo-y-Blanco1-150x150.jpg 150w, https:\/\/agora.xtec.cat\/ceiplajota\/wp-content\/uploads\/usu1571\/2024\/05\/Post-de-Instagram-Aviso-Recordatorio-Notificacion-Tienda-Cerrada-Doodle-Amarillo-y-Blanco1-768x768.jpg 768w, https:\/\/agora.xtec.cat\/ceiplajota\/wp-content\/uploads\/usu1571\/2024\/05\/Post-de-Instagram-Aviso-Recordatorio-Notificacion-Tienda-Cerrada-Doodle-Amarillo-y-Blanco1.jpg 1080w\" sizes=\"auto, (max-width: 397px) 100vw, 397px\" \/><\/a> <a href=\"https:\/\/photos.app.goo.gl\/BpJwg8CG3xzbKbny5\" target=\"_blank\" rel=\"noopener\"><img loading=\"lazy\" decoding=\"async\" class=\"alignnone wp-image-6240\" src=\"https:\/\/agora.xtec.cat\/ceiplajota\/wp-content\/uploads\/usu1571\/2024\/05\/Post-de-Instagram-Aviso-Recordatorio-Notificacion-Tienda-Cerrada-Doodle-Amarillo-y-Blanco-1024x1024.jpg\" alt=\"\" width=\"398\" height=\"398\" srcset=\"https:\/\/agora.xtec.cat\/ceiplajota\/wp-content\/uploads\/usu1571\/2024\/05\/Post-de-Instagram-Aviso-Recordatorio-Notificacion-Tienda-Cerrada-Doodle-Amarillo-y-Blanco-1024x1024.jpg 1024w, https:\/\/agora.xtec.cat\/ceiplajota\/wp-content\/uploads\/usu1571\/2024\/05\/Post-de-Instagram-Aviso-Recordatorio-Notificacion-Tienda-Cerrada-Doodle-Amarillo-y-Blanco-300x300.jpg 300w, https:\/\/agora.xtec.cat\/ceiplajota\/wp-content\/uploads\/usu1571\/2024\/05\/Post-de-Instagram-Aviso-Recordatorio-Notificacion-Tienda-Cerrada-Doodle-Amarillo-y-Blanco-150x150.jpg 150w, https:\/\/agora.xtec.cat\/ceiplajota\/wp-content\/uploads\/usu1571\/2024\/05\/Post-de-Instagram-Aviso-Recordatorio-Notificacion-Tienda-Cerrada-Doodle-Amarillo-y-Blanco-768x768.jpg 768w, https:\/\/agora.xtec.cat\/ceiplajota\/wp-content\/uploads\/usu1571\/2024\/05\/Post-de-Instagram-Aviso-Recordatorio-Notificacion-Tienda-Cerrada-Doodle-Amarillo-y-Blanco.jpg 1080w\" sizes=\"auto, (max-width: 398px) 100vw, 398px\" \/><\/a><\/p>\n","protected":false},"excerpt":{"rendered":"<p>El 22, 23 i 24 de maig els nens i les nenes de Prim\u00e0ria marxen de Col\u00f2nies a Coma-ruga. All\u00e0 gaudiran durant tres dies d&#8217;un munt d&#8217;activitats ben engrescadores.<br \/>\nEn aquest article podreu veure les fotografies de l&#8217;alumnat que ha anat de col\u00f2nies. Els i les&hellip;  <a href=\"https:\/\/agora.xtec.cat\/ceiplajota\/general\/colonies-2024\/\" title=\"Read COL\u00d2NIES 2024\">Llegeix m\u00e9s\u00bb<\/a><\/p>\n","protected":false},"author":3,"featured_media":6241,"comment_status":"open","ping_status":"closed","sticky":false,"template":"","format":"standard","meta":{"_bbp_topic_count":0,"_bbp_reply_count":0,"_bbp_total_topic_count":0,"_bbp_total_reply_count":0,"_bbp_voice_count":0,"_bbp_anonymous_reply_count":0,"_bbp_topic_count_hidden":0,"_bbp_reply_count_hidden":0,"_bbp_forum_subforum_count":0,"footnotes":""},"categories":[10,11,12,13,14,15,1,5],"tags":[],"class_list":["post-6237","post","type-post","status-publish","format-standard","has-post-thumbnail","hentry","category-1r","category-2n","category-3r","category-4t","category-5e","category-6e","category-general","category-primaria"],"post_mailing_queue_ids":[],"_links":{"self":[{"href":"https:\/\/agora.xtec.cat\/ceiplajota\/wp-json\/wp\/v2\/posts\/6237","targetHints":{"allow":["GET"]}}],"collection":[{"href":"https:\/\/agora.xtec.cat\/ceiplajota\/wp-json\/wp\/v2\/posts"}],"about":[{"href":"https:\/\/agora.xtec.cat\/ceiplajota\/wp-json\/wp\/v2\/types\/post"}],"author":[{"embeddable":true,"href":"https:\/\/agora.xtec.cat\/ceiplajota\/wp-json\/wp\/v2\/users\/3"}],"replies":[{"embeddable":true,"href":"https:\/\/agora.xtec.cat\/ceiplajota\/wp-json\/wp\/v2\/comments?post=6237"}],"version-history":[{"count":5,"href":"https:\/\/agora.xtec.cat\/ceiplajota\/wp-json\/wp\/v2\/posts\/6237\/revisions"}],"predecessor-version":[{"id":6251,"href":"https:\/\/agora.xtec.cat\/ceiplajota\/wp-json\/wp\/v2\/posts\/6237\/revisions\/6251"}],"wp:featuredmedia":[{"embeddable":true,"href":"https:\/\/agora.xtec.cat\/ceiplajota\/wp-json\/wp\/v2\/media\/6241"}],"wp:attachment":[{"href":"https:\/\/agora.xtec.cat\/ceiplajota\/wp-json\/wp\/v2\/media?parent=6237"}],"wp:term":[{"taxonomy":"category","embeddable":true,"href":"https:\/\/agora.xtec.cat\/ceiplajota\/wp-json\/wp\/v2\/categories?post=6237"},{"taxonomy":"post_tag","embeddable":true,"href":"https:\/\/agora.xtec.cat\/ceiplajota\/wp-json\/wp\/v2\/tags?post=6237"}],"curies":[{"name":"wp","href":"https:\/\/api.w.org\/{rel}","templated":true}]}}