{"id":6208,"date":"2024-05-07T19:56:28","date_gmt":"2024-05-07T17:56:28","guid":{"rendered":"https:\/\/agora.xtec.cat\/ceiplajota\/?p=6208"},"modified":"2024-05-21T12:40:27","modified_gmt":"2024-05-21T10:40:27","slug":"sant-jordi-2024","status":"publish","type":"post","link":"https:\/\/agora.xtec.cat\/ceiplajota\/general\/sant-jordi-2024\/","title":{"rendered":"SANT JORDI 2024"},"content":{"rendered":"<p>&nbsp;<\/p>\n<div>\n<div><\/div>\n<\/div>\n<p><a href=\"https:\/\/agora.xtec.cat\/ceiplajota\/wp-content\/uploads\/usu1571\/2024\/05\/SJ.png\"><img loading=\"lazy\" decoding=\"async\" class=\"wp-image-6209 aligncenter\" src=\"https:\/\/agora.xtec.cat\/ceiplajota\/wp-content\/uploads\/usu1571\/2024\/05\/SJ-300x104.png\" alt=\"\" width=\"242\" height=\"84\" srcset=\"https:\/\/agora.xtec.cat\/ceiplajota\/wp-content\/uploads\/usu1571\/2024\/05\/SJ-300x104.png 300w, https:\/\/agora.xtec.cat\/ceiplajota\/wp-content\/uploads\/usu1571\/2024\/05\/SJ.png 506w\" sizes=\"auto, (max-width: 242px) 100vw, 242px\" \/><\/a><\/p>\n<p>&nbsp;<\/p>\n<p>Com ja \u00e9s tradici\u00f3 tornem a celebrar la diada de Sant Jordi i com cada any ha estat un dia molt especial per a la nostra escola institut.<\/p>\n<p>No ha faltat el nostre Concurs Literari i aix\u00ed, al llarg del dia hem pogut gaudir de la creativitat dels nostres alumnes amb els seus contes, rodolins i poemes. Tamb\u00e9, hem visitat la parada de llibres i roses de l&#8217;AMPA i les paradetes de la nostra ciutat.<\/p>\n<p>Sant Jordi \u00e9s una de les festes que ens agrada celebrar juntament amb les fam\u00edlies, per aix\u00f2, agra\u00efm com sempre la vostra participaci\u00f3 en la lectura en veu alta que cada any realitzem, on grans i petits podem gaudir plegats de l&#8217;aventura de llegir.<\/p>\n<p>&nbsp;<\/p>\n<p>Aqu\u00ed us deixem un recull de fotografies d&#8217;aquesta jornada:<\/p>\n<p>&nbsp;<\/p>\n<p><a href=\"https:\/\/photos.app.goo.gl\/ChCcXnGcGLPzisso9\">FOTOS EDUCACI\u00d3 INFANTIL<\/a><\/p>\n<p><a href=\"https:\/\/photos.app.goo.gl\/75Unzh16mEHH5kbV7\">FOTOS CICLE INICIAL<\/a><\/p>\n<p><a href=\"https:\/\/photos.app.goo.gl\/X1weVot3pTTQLLbR6\">FOTOS CICLE MITJ\u00c0<\/a><\/p>\n<p><a href=\"https:\/\/photos.app.goo.gl\/AoSaL13mW9UZwN21A\" target=\"_blank\" rel=\"noopener\">FOTOS CICLE SUPERIOR<\/a><\/p>\n<p>FOTOS 1r d&#8217;ESO<\/p>\n<p>&nbsp;<\/p>\n<p style=\"text-align: center\">\u00a0<a href=\"https:\/\/agora.xtec.cat\/ceiplajota\/wp-content\/uploads\/usu1571\/2024\/05\/DRAC.jpg\"><img loading=\"lazy\" decoding=\"async\" class=\"alignnone wp-image-6211\" src=\"https:\/\/agora.xtec.cat\/ceiplajota\/wp-content\/uploads\/usu1571\/2024\/05\/DRAC-277x300.jpg\" alt=\"\" width=\"333\" height=\"361\" srcset=\"https:\/\/agora.xtec.cat\/ceiplajota\/wp-content\/uploads\/usu1571\/2024\/05\/DRAC-277x300.jpg 277w, https:\/\/agora.xtec.cat\/ceiplajota\/wp-content\/uploads\/usu1571\/2024\/05\/DRAC.jpg 533w\" sizes=\"auto, (max-width: 333px) 100vw, 333px\" \/><\/a><\/p>\n","protected":false},"excerpt":{"rendered":"<p>&nbsp;<\/p>\n<p><a href=\"https:\/\/agora.xtec.cat\/ceiplajota\/wp-content\/uploads\/usu1571\/2024\/05\/SJ.png\"><\/a><br \/>\n&nbsp;<br \/>\nCom ja \u00e9s tradici\u00f3 tornem a celebrar la diada de Sant Jordi i com cada any ha estat un dia molt especial per a la nostra escola institut.<br \/>\nNo ha faltat el nostre Concurs Literari i aix\u00ed, al llarg del dia hem pogut gaudir de&hellip;  <a href=\"https:\/\/agora.xtec.cat\/ceiplajota\/general\/sant-jordi-2024\/\" title=\"Read SANT JORDI 2024\">Llegeix m\u00e9s\u00bb<\/a><\/p>\n","protected":false},"author":22,"featured_media":6210,"comment_status":"open","ping_status":"closed","sticky":false,"template":"","format":"standard","meta":{"_bbp_topic_count":0,"_bbp_reply_count":0,"_bbp_total_topic_count":0,"_bbp_total_reply_count":0,"_bbp_voice_count":0,"_bbp_anonymous_reply_count":0,"_bbp_topic_count_hidden":0,"_bbp_reply_count_hidden":0,"_bbp_forum_subforum_count":0,"footnotes":""},"categories":[1],"tags":[],"class_list":["post-6208","post","type-post","status-publish","format-standard","has-post-thumbnail","hentry","category-general"],"post_mailing_queue_ids":[],"_links":{"self":[{"href":"https:\/\/agora.xtec.cat\/ceiplajota\/wp-json\/wp\/v2\/posts\/6208","targetHints":{"allow":["GET"]}}],"collection":[{"href":"https:\/\/agora.xtec.cat\/ceiplajota\/wp-json\/wp\/v2\/posts"}],"about":[{"href":"https:\/\/agora.xtec.cat\/ceiplajota\/wp-json\/wp\/v2\/types\/post"}],"author":[{"embeddable":true,"href":"https:\/\/agora.xtec.cat\/ceiplajota\/wp-json\/wp\/v2\/users\/22"}],"replies":[{"embeddable":true,"href":"https:\/\/agora.xtec.cat\/ceiplajota\/wp-json\/wp\/v2\/comments?post=6208"}],"version-history":[{"count":5,"href":"https:\/\/agora.xtec.cat\/ceiplajota\/wp-json\/wp\/v2\/posts\/6208\/revisions"}],"predecessor-version":[{"id":6236,"href":"https:\/\/agora.xtec.cat\/ceiplajota\/wp-json\/wp\/v2\/posts\/6208\/revisions\/6236"}],"wp:featuredmedia":[{"embeddable":true,"href":"https:\/\/agora.xtec.cat\/ceiplajota\/wp-json\/wp\/v2\/media\/6210"}],"wp:attachment":[{"href":"https:\/\/agora.xtec.cat\/ceiplajota\/wp-json\/wp\/v2\/media?parent=6208"}],"wp:term":[{"taxonomy":"category","embeddable":true,"href":"https:\/\/agora.xtec.cat\/ceiplajota\/wp-json\/wp\/v2\/categories?post=6208"},{"taxonomy":"post_tag","embeddable":true,"href":"https:\/\/agora.xtec.cat\/ceiplajota\/wp-json\/wp\/v2\/tags?post=6208"}],"curies":[{"name":"wp","href":"https:\/\/api.w.org\/{rel}","templated":true}]}}