{"id":6201,"date":"2024-04-22T17:12:34","date_gmt":"2024-04-22T15:12:34","guid":{"rendered":"https:\/\/agora.xtec.cat\/ceiplajota\/?p=6201"},"modified":"2024-04-23T06:30:35","modified_gmt":"2024-04-23T04:30:35","slug":"premis-sant-jordi-ajuntament-de-badia","status":"publish","type":"post","link":"https:\/\/agora.xtec.cat\/ceiplajota\/general\/premis-sant-jordi-ajuntament-de-badia\/","title":{"rendered":"PREMIS SANT JORDI AJUNTAMENT DE BADIA"},"content":{"rendered":"<p>Dilluns 22 d&#8217;abril es van premiar als guanyadors i a les guanyadores dels Premis Sant Jordi de l&#8217;Ajuntament de Badia del Vall\u00e8s.<\/p>\n<p>A l&#8217;Auditori municipal, Antonio D\u00edaz, el Mago Pop, representants pol\u00edtics i t\u00e8cnics de l&#8217;Ajuntament van repartir els premis acompanyats d&#8217;un tendre espectacle musical fet amb copes i aigua.<\/p>\n<p>L&#8217;acte premia la creaci\u00f3 liter\u00e0ria i art\u00edstica des de la prim\u00e0ria fins a l&#8217;educaci\u00f3 d&#8217;adults,\u00a0 el foment a la lectura i a l&#8217;escriptura,\u00a0 l&#8217;esfor\u00e7 i la participaci\u00f3 dels protagonistes.<\/p>\n<p>De l&#8217;Institut Escola de Badia van ser premiades i premiats:<\/p>\n<ul>\n<li>Tiana Herrero Elori de 1r amb &#8220;El patinatge&#8221;<\/li>\n<li>Adhara Ramos Castell\u00f3 de 2n amb &#8220;El meu tiet&#8221;<\/li>\n<li>Aitana Juli\u00e1n D\u00edaz de 3r amb &#8220;Els amics&#8221;<\/li>\n<li>Carla Manzanares Segura de 4t amb &#8220;L&#8217;amor de Sant Jordi<\/li>\n<li>Vera Garc\u00eda Rodr\u00edguez de 5\u00e8 amb &#8220;El quadre m\u00e0gic&#8221;<\/li>\n<li>Francisco Jos\u00e9 L\u00f3pez Garc\u00eda de 6\u00e8 amb &#8220;Un artista amb sort&#8221;<\/li>\n<li>Samuel Fern\u00e1ndez Romero de 1r d&#8217;ESO amb &#8220;El pr\u00edncep valent&#8221;<\/li>\n<\/ul>\n<p>MOLTES FELICITATS ESCRIPTORS I ESCRIPTORES.<\/p>\n","protected":false},"excerpt":{"rendered":"<p>Dilluns 22 d&#8217;abril es van premiar als guanyadors i a les guanyadores dels Premis Sant Jordi de l&#8217;Ajuntament de Badia del Vall\u00e8s.<br \/>\nA l&#8217;Auditori municipal, Antonio D\u00edaz, el Mago Pop, representants pol\u00edtics i t\u00e8cnics de l&#8217;Ajuntament van repartir els premis acompanyats d&#8217;un tendre espectacle musical fet&hellip;  <a href=\"https:\/\/agora.xtec.cat\/ceiplajota\/general\/premis-sant-jordi-ajuntament-de-badia\/\" title=\"Read PREMIS SANT JORDI AJUNTAMENT DE BADIA\">Llegeix m\u00e9s\u00bb<\/a><\/p>\n","protected":false},"author":1,"featured_media":6197,"comment_status":"open","ping_status":"closed","sticky":false,"template":"","format":"standard","meta":{"_bbp_topic_count":0,"_bbp_reply_count":0,"_bbp_total_topic_count":0,"_bbp_total_reply_count":0,"_bbp_voice_count":0,"_bbp_anonymous_reply_count":0,"_bbp_topic_count_hidden":0,"_bbp_reply_count_hidden":0,"_bbp_forum_subforum_count":0,"footnotes":""},"categories":[1],"tags":[],"class_list":["post-6201","post","type-post","status-publish","format-standard","has-post-thumbnail","hentry","category-general"],"post_mailing_queue_ids":[],"_links":{"self":[{"href":"https:\/\/agora.xtec.cat\/ceiplajota\/wp-json\/wp\/v2\/posts\/6201","targetHints":{"allow":["GET"]}}],"collection":[{"href":"https:\/\/agora.xtec.cat\/ceiplajota\/wp-json\/wp\/v2\/posts"}],"about":[{"href":"https:\/\/agora.xtec.cat\/ceiplajota\/wp-json\/wp\/v2\/types\/post"}],"author":[{"embeddable":true,"href":"https:\/\/agora.xtec.cat\/ceiplajota\/wp-json\/wp\/v2\/users\/1"}],"replies":[{"embeddable":true,"href":"https:\/\/agora.xtec.cat\/ceiplajota\/wp-json\/wp\/v2\/comments?post=6201"}],"version-history":[{"count":2,"href":"https:\/\/agora.xtec.cat\/ceiplajota\/wp-json\/wp\/v2\/posts\/6201\/revisions"}],"predecessor-version":[{"id":6203,"href":"https:\/\/agora.xtec.cat\/ceiplajota\/wp-json\/wp\/v2\/posts\/6201\/revisions\/6203"}],"wp:featuredmedia":[{"embeddable":true,"href":"https:\/\/agora.xtec.cat\/ceiplajota\/wp-json\/wp\/v2\/media\/6197"}],"wp:attachment":[{"href":"https:\/\/agora.xtec.cat\/ceiplajota\/wp-json\/wp\/v2\/media?parent=6201"}],"wp:term":[{"taxonomy":"category","embeddable":true,"href":"https:\/\/agora.xtec.cat\/ceiplajota\/wp-json\/wp\/v2\/categories?post=6201"},{"taxonomy":"post_tag","embeddable":true,"href":"https:\/\/agora.xtec.cat\/ceiplajota\/wp-json\/wp\/v2\/tags?post=6201"}],"curies":[{"name":"wp","href":"https:\/\/api.w.org\/{rel}","templated":true}]}}