{"id":6154,"date":"2024-03-22T19:44:57","date_gmt":"2024-03-22T18:44:57","guid":{"rendered":"https:\/\/agora.xtec.cat\/ceiplajota\/?p=6154"},"modified":"2024-04-01T22:55:38","modified_gmt":"2024-04-01T20:55:38","slug":"1r-deso-teatre-en-angles","status":"publish","type":"post","link":"https:\/\/agora.xtec.cat\/ceiplajota\/general\/1r-deso-teatre-en-angles\/","title":{"rendered":"1r d&#8217;ESO: Teatre en angl\u00e8s"},"content":{"rendered":"<p><span style=\"font-weight: 400;\">Divendres 22 de mar\u00e7 de 2024.<\/span><\/p>\n<p><span style=\"font-weight: 400;\">L\u2019alumnat de 1r d\u2019ESO de l\u2019Institut Federica Montseny i de l\u2019Institut Escola de Badia assisteixen a una obra de teatre en angl\u00e8s com a activitat conjunta entre els dos centres a l&#8217;Auditori Municipal de Badia, Auditori Antonio D\u00edaz &#8211; El Mago Pop.<\/span><\/p>\n<p><span style=\"font-weight: 400;\">L\u2019alumnat ha gaudit molt veient la representaci\u00f3 de Jekyll.<\/span><\/p>\n<p><span style=\"font-weight: 400;\">Aquesta activitat \u00e9s totalment gratu\u00efta. Est\u00e0 <\/span><span style=\"font-weight: 400;\">finan\u00e7ada pel Ministeri d&#8217;Educaci\u00f3 i Formaci\u00f3 Professional i el Mecanisme de recuperaci\u00f3, transformaci\u00f3 i resili\u00e8ncia i per la Uni\u00f3 Europea NextGenerationEU, dins del<\/span> <b>Pla de millora d\u2019oportunitats educatives (PMOE)\u00a0 i el Programa de cooperaci\u00f3 territorial per a l&#8217;orientaci\u00f3, l&#8217;aven\u00e7 i l&#8217;enriquiment educatiu PROA+<\/b><span style=\"font-weight: 400;\">.<\/span><\/p>\n<p><a href=\"https:\/\/agora.xtec.cat\/ceiplajota\/wp-content\/uploads\/usu1571\/2023\/11\/Logo-1.png\"><img loading=\"lazy\" decoding=\"async\" class=\"aligncenter size-full wp-image-5861\" src=\"https:\/\/agora.xtec.cat\/ceiplajota\/wp-content\/uploads\/usu1571\/2023\/11\/Logo-1.png\" alt=\"\" width=\"921\" height=\"123\" srcset=\"https:\/\/agora.xtec.cat\/ceiplajota\/wp-content\/uploads\/usu1571\/2023\/11\/Logo-1.png 921w, https:\/\/agora.xtec.cat\/ceiplajota\/wp-content\/uploads\/usu1571\/2023\/11\/Logo-1-300x40.png 300w, https:\/\/agora.xtec.cat\/ceiplajota\/wp-content\/uploads\/usu1571\/2023\/11\/Logo-1-768x103.png 768w\" sizes=\"auto, (max-width: 921px) 100vw, 921px\" \/><\/a><\/p>\n<p>&nbsp;<\/p>\n<p><a href=\"https:\/\/agora.xtec.cat\/ceiplajota\/wp-content\/uploads\/usu1571\/2024\/03\/Foto-1.png\"><img loading=\"lazy\" decoding=\"async\" class=\"aligncenter size-full wp-image-6157\" src=\"https:\/\/agora.xtec.cat\/ceiplajota\/wp-content\/uploads\/usu1571\/2024\/03\/Foto-1.png\" alt=\"\" width=\"875\" height=\"388\" srcset=\"https:\/\/agora.xtec.cat\/ceiplajota\/wp-content\/uploads\/usu1571\/2024\/03\/Foto-1.png 875w, https:\/\/agora.xtec.cat\/ceiplajota\/wp-content\/uploads\/usu1571\/2024\/03\/Foto-1-300x133.png 300w, https:\/\/agora.xtec.cat\/ceiplajota\/wp-content\/uploads\/usu1571\/2024\/03\/Foto-1-768x341.png 768w\" sizes=\"auto, (max-width: 875px) 100vw, 875px\" \/><\/a><\/p>\n<p><a href=\"https:\/\/agora.xtec.cat\/ceiplajota\/wp-content\/uploads\/usu1571\/2024\/03\/Foto-2.png\"><img loading=\"lazy\" decoding=\"async\" class=\"aligncenter size-full wp-image-6158\" src=\"https:\/\/agora.xtec.cat\/ceiplajota\/wp-content\/uploads\/usu1571\/2024\/03\/Foto-2.png\" alt=\"\" width=\"888\" height=\"483\" srcset=\"https:\/\/agora.xtec.cat\/ceiplajota\/wp-content\/uploads\/usu1571\/2024\/03\/Foto-2.png 888w, https:\/\/agora.xtec.cat\/ceiplajota\/wp-content\/uploads\/usu1571\/2024\/03\/Foto-2-300x163.png 300w, https:\/\/agora.xtec.cat\/ceiplajota\/wp-content\/uploads\/usu1571\/2024\/03\/Foto-2-768x418.png 768w\" sizes=\"auto, (max-width: 888px) 100vw, 888px\" \/><\/a><\/p>\n","protected":false},"excerpt":{"rendered":"<p>Divendres 22 de mar\u00e7 de 2024.<br \/>\nL\u2019alumnat de 1r d\u2019ESO de l\u2019Institut Federica Montseny i de l\u2019Institut Escola de Badia assisteixen a una obra de teatre en angl\u00e8s com a activitat conjunta entre els dos centres a l&#8217;Auditori Municipal de Badia, Auditori Antonio D\u00edaz &#8211; El&hellip;  <a href=\"https:\/\/agora.xtec.cat\/ceiplajota\/general\/1r-deso-teatre-en-angles\/\" title=\"Read 1r d&#8217;ESO: Teatre en angl\u00e8s\">Llegeix m\u00e9s\u00bb<\/a><\/p>\n","protected":false},"author":1,"featured_media":6155,"comment_status":"open","ping_status":"closed","sticky":false,"template":"","format":"standard","meta":{"_bbp_topic_count":0,"_bbp_reply_count":0,"_bbp_total_topic_count":0,"_bbp_total_reply_count":0,"_bbp_voice_count":0,"_bbp_anonymous_reply_count":0,"_bbp_topic_count_hidden":0,"_bbp_reply_count_hidden":0,"_bbp_forum_subforum_count":0,"footnotes":""},"categories":[1],"tags":[],"class_list":["post-6154","post","type-post","status-publish","format-standard","has-post-thumbnail","hentry","category-general"],"post_mailing_queue_ids":[],"_links":{"self":[{"href":"https:\/\/agora.xtec.cat\/ceiplajota\/wp-json\/wp\/v2\/posts\/6154","targetHints":{"allow":["GET"]}}],"collection":[{"href":"https:\/\/agora.xtec.cat\/ceiplajota\/wp-json\/wp\/v2\/posts"}],"about":[{"href":"https:\/\/agora.xtec.cat\/ceiplajota\/wp-json\/wp\/v2\/types\/post"}],"author":[{"embeddable":true,"href":"https:\/\/agora.xtec.cat\/ceiplajota\/wp-json\/wp\/v2\/users\/1"}],"replies":[{"embeddable":true,"href":"https:\/\/agora.xtec.cat\/ceiplajota\/wp-json\/wp\/v2\/comments?post=6154"}],"version-history":[{"count":2,"href":"https:\/\/agora.xtec.cat\/ceiplajota\/wp-json\/wp\/v2\/posts\/6154\/revisions"}],"predecessor-version":[{"id":6159,"href":"https:\/\/agora.xtec.cat\/ceiplajota\/wp-json\/wp\/v2\/posts\/6154\/revisions\/6159"}],"wp:featuredmedia":[{"embeddable":true,"href":"https:\/\/agora.xtec.cat\/ceiplajota\/wp-json\/wp\/v2\/media\/6155"}],"wp:attachment":[{"href":"https:\/\/agora.xtec.cat\/ceiplajota\/wp-json\/wp\/v2\/media?parent=6154"}],"wp:term":[{"taxonomy":"category","embeddable":true,"href":"https:\/\/agora.xtec.cat\/ceiplajota\/wp-json\/wp\/v2\/categories?post=6154"},{"taxonomy":"post_tag","embeddable":true,"href":"https:\/\/agora.xtec.cat\/ceiplajota\/wp-json\/wp\/v2\/tags?post=6154"}],"curies":[{"name":"wp","href":"https:\/\/api.w.org\/{rel}","templated":true}]}}