{"id":6118,"date":"2024-03-14T21:47:26","date_gmt":"2024-03-14T20:47:26","guid":{"rendered":"https:\/\/agora.xtec.cat\/ceiplajota\/?p=6118"},"modified":"2024-03-14T21:47:26","modified_gmt":"2024-03-14T20:47:26","slug":"cicle-inicial-al-poble-espanyol","status":"publish","type":"post","link":"https:\/\/agora.xtec.cat\/ceiplajota\/general\/cicle-inicial-al-poble-espanyol\/","title":{"rendered":"Cicle Inicial al Poble Espanyol"},"content":{"rendered":"<p><a href=\"https:\/\/agora.xtec.cat\/ceiplajota\/wp-content\/uploads\/usu1571\/2024\/03\/Presentacion-Presupuestos-Participativos-Ciudad-Ilustrativo-Azul-Verde.jpg\"><img loading=\"lazy\" decoding=\"async\" class=\"wp-image-6119 aligncenter\" src=\"https:\/\/agora.xtec.cat\/ceiplajota\/wp-content\/uploads\/usu1571\/2024\/03\/Presentacion-Presupuestos-Participativos-Ciudad-Ilustrativo-Azul-Verde-1024x576.jpg\" alt=\"\" width=\"416\" height=\"234\" srcset=\"https:\/\/agora.xtec.cat\/ceiplajota\/wp-content\/uploads\/usu1571\/2024\/03\/Presentacion-Presupuestos-Participativos-Ciudad-Ilustrativo-Azul-Verde-1024x576.jpg 1024w, https:\/\/agora.xtec.cat\/ceiplajota\/wp-content\/uploads\/usu1571\/2024\/03\/Presentacion-Presupuestos-Participativos-Ciudad-Ilustrativo-Azul-Verde-300x169.jpg 300w, https:\/\/agora.xtec.cat\/ceiplajota\/wp-content\/uploads\/usu1571\/2024\/03\/Presentacion-Presupuestos-Participativos-Ciudad-Ilustrativo-Azul-Verde-768x432.jpg 768w, https:\/\/agora.xtec.cat\/ceiplajota\/wp-content\/uploads\/usu1571\/2024\/03\/Presentacion-Presupuestos-Participativos-Ciudad-Ilustrativo-Azul-Verde-1536x864.jpg 1536w, https:\/\/agora.xtec.cat\/ceiplajota\/wp-content\/uploads\/usu1571\/2024\/03\/Presentacion-Presupuestos-Participativos-Ciudad-Ilustrativo-Azul-Verde.jpg 1920w\" sizes=\"auto, (max-width: 416px) 100vw, 416px\" \/><\/a><\/p>\n<p>Cicle inicial ha realitzat una sortida al Poble Espanyol de Barcelona. La sortida est\u00e0 relacionada amb el monogr\u00e0fic d&#8217;aquest any &#8220;Hist\u00f2ria de l&#8217;art&#8221;, per aquest motiu, a m\u00e9s a m\u00e9s de visitar l&#8217;exposici\u00f3 art\u00edstica, han pogut\u00a0dur a terme\u00a0un taller de creaci\u00f3 d&#8217;una obra d&#8217;art. Despr\u00e9s de la visita de l&#8217;exposici\u00f3, s&#8217;ha fet un recorregut per tot el poble i finalment han dinat a una zona de p\u00edcnic on hi havia uns tobogans d&#8217;all\u00f2 m\u00e9s\u00a0divertits. Ha estat un dia molt\u00a0complet\u00a0i agradable per a tots i totes.<br \/>\n<a href=\"https:\/\/photos.app.goo.gl\/QkRAXaFeVrCDN9ft8\">Recull de fotos de 2n<\/a><br \/>\n<a href=\"https:\/\/photos.app.goo.gl\/WKt7imSoiwcQW7Jw6\">Recull de fotos de 1r\u00a0<\/a><\/p>\n","protected":false},"excerpt":{"rendered":"<p><a href=\"https:\/\/agora.xtec.cat\/ceiplajota\/wp-content\/uploads\/usu1571\/2024\/03\/Presentacion-Presupuestos-Participativos-Ciudad-Ilustrativo-Azul-Verde.jpg\"><\/a><br \/>\nCicle inicial ha realitzat una sortida al Poble Espanyol de Barcelona. La sortida est\u00e0 relacionada amb el monogr\u00e0fic d&#8217;aquest any &#8220;Hist\u00f2ria de l&#8217;art&#8221;, per aquest motiu, a m\u00e9s a m\u00e9s de visitar l&#8217;exposici\u00f3 art\u00edstica, han pogut\u00a0dur a terme\u00a0un taller de creaci\u00f3 d&#8217;una obra d&#8217;art.&hellip;  <a href=\"https:\/\/agora.xtec.cat\/ceiplajota\/general\/cicle-inicial-al-poble-espanyol\/\" title=\"Read Cicle Inicial al Poble Espanyol\">Llegeix m\u00e9s\u00bb<\/a><\/p>\n","protected":false},"author":34,"featured_media":6119,"comment_status":"open","ping_status":"closed","sticky":false,"template":"","format":"standard","meta":{"_bbp_topic_count":0,"_bbp_reply_count":0,"_bbp_total_topic_count":0,"_bbp_total_reply_count":0,"_bbp_voice_count":0,"_bbp_anonymous_reply_count":0,"_bbp_topic_count_hidden":0,"_bbp_reply_count_hidden":0,"_bbp_forum_subforum_count":0,"footnotes":""},"categories":[1],"tags":[],"class_list":["post-6118","post","type-post","status-publish","format-standard","has-post-thumbnail","hentry","category-general"],"post_mailing_queue_ids":[],"_links":{"self":[{"href":"https:\/\/agora.xtec.cat\/ceiplajota\/wp-json\/wp\/v2\/posts\/6118","targetHints":{"allow":["GET"]}}],"collection":[{"href":"https:\/\/agora.xtec.cat\/ceiplajota\/wp-json\/wp\/v2\/posts"}],"about":[{"href":"https:\/\/agora.xtec.cat\/ceiplajota\/wp-json\/wp\/v2\/types\/post"}],"author":[{"embeddable":true,"href":"https:\/\/agora.xtec.cat\/ceiplajota\/wp-json\/wp\/v2\/users\/34"}],"replies":[{"embeddable":true,"href":"https:\/\/agora.xtec.cat\/ceiplajota\/wp-json\/wp\/v2\/comments?post=6118"}],"version-history":[{"count":1,"href":"https:\/\/agora.xtec.cat\/ceiplajota\/wp-json\/wp\/v2\/posts\/6118\/revisions"}],"predecessor-version":[{"id":6120,"href":"https:\/\/agora.xtec.cat\/ceiplajota\/wp-json\/wp\/v2\/posts\/6118\/revisions\/6120"}],"wp:featuredmedia":[{"embeddable":true,"href":"https:\/\/agora.xtec.cat\/ceiplajota\/wp-json\/wp\/v2\/media\/6119"}],"wp:attachment":[{"href":"https:\/\/agora.xtec.cat\/ceiplajota\/wp-json\/wp\/v2\/media?parent=6118"}],"wp:term":[{"taxonomy":"category","embeddable":true,"href":"https:\/\/agora.xtec.cat\/ceiplajota\/wp-json\/wp\/v2\/categories?post=6118"},{"taxonomy":"post_tag","embeddable":true,"href":"https:\/\/agora.xtec.cat\/ceiplajota\/wp-json\/wp\/v2\/tags?post=6118"}],"curies":[{"name":"wp","href":"https:\/\/api.w.org\/{rel}","templated":true}]}}