{"id":6110,"date":"2024-03-09T13:18:18","date_gmt":"2024-03-09T12:18:18","guid":{"rendered":"https:\/\/agora.xtec.cat\/ceiplajota\/?p=6110"},"modified":"2024-03-09T13:18:18","modified_gmt":"2024-03-09T12:18:18","slug":"poble-espanyol-i4","status":"publish","type":"post","link":"https:\/\/agora.xtec.cat\/ceiplajota\/general\/poble-espanyol-i4\/","title":{"rendered":"Poble Espanyol I4"},"content":{"rendered":"<p>Dim<a id=\"set-post-thumbnail\" class=\"thickbox\" href=\"https:\/\/agora.xtec.cat\/ceiplajota\/wp-admin\/media-upload.php?post_id=6110&amp;type=image&amp;TB_iframe=1\" aria-describedby=\"set-post-thumbnail-desc\"><img loading=\"lazy\" decoding=\"async\" class=\"attachment-266x266  alignleft\" src=\"https:\/\/agora.xtec.cat\/ceiplajota\/wp-content\/uploads\/usu1571\/2024\/02\/Poble_Espanyol_-_Torre_Utebo.jpg\" alt=\"\" width=\"358\" height=\"202\" \/><\/a>arts 5 de mar\u00e7 els nens i les nenes d&#8217;I4 vam marxar d&#8217;excursi\u00f3 al Poble Espanyol.<\/p>\n<p>L&#8217;excursi\u00f3 est\u00e0 lligada al monogr\u00e0fic d&#8217;aquest curs escolar: L&#8217;ART.<\/p>\n<p>All\u00e0 vam poder realitzar un taller de cer\u00e0mica i vam gaudir del dia i de totes les instal\u00b7lacions que trobem al Poble Espanyol.<\/p>\n<p><a href=\"https:\/\/photos.app.goo.gl\/HA51MD3nh7gQXRjo8\">Cliqueu aqu\u00ed per veure imatges de la sortida.<\/a><\/p>\n<p class=\"hide-if-no-js\">\n","protected":false},"excerpt":{"rendered":"<p>Dim<a id=\"set-post-thumbnail\" class=\"thickbox\" href=\"https:\/\/agora.xtec.cat\/ceiplajota\/wp-admin\/media-upload.php?post_id=6110&amp;type=image&amp;TB_iframe=1\" aria-describedby=\"set-post-thumbnail-desc\"><\/a>arts 5 de mar\u00e7 els nens i les nenes d&#8217;I4 vam marxar d&#8217;excursi\u00f3 al Poble Espanyol.<br \/>\nL&#8217;excursi\u00f3 est\u00e0 lligada al monogr\u00e0fic d&#8217;aquest curs escolar: L&#8217;ART.<br \/>\nAll\u00e0 vam poder realitzar un taller de cer\u00e0mica i vam gaudir del dia i de totes les instal\u00b7lacions&hellip;  <a href=\"https:\/\/agora.xtec.cat\/ceiplajota\/general\/poble-espanyol-i4\/\" title=\"Read Poble Espanyol I4\">Llegeix m\u00e9s\u00bb<\/a><\/p>\n","protected":false},"author":34,"featured_media":6054,"comment_status":"closed","ping_status":"closed","sticky":false,"template":"","format":"standard","meta":{"_bbp_topic_count":0,"_bbp_reply_count":0,"_bbp_total_topic_count":0,"_bbp_total_reply_count":0,"_bbp_voice_count":0,"_bbp_anonymous_reply_count":0,"_bbp_topic_count_hidden":0,"_bbp_reply_count_hidden":0,"_bbp_forum_subforum_count":0,"footnotes":""},"categories":[1,2,8],"tags":[],"class_list":["post-6110","post","type-post","status-publish","format-standard","has-post-thumbnail","hentry","category-general","category-infantil","category-p4"],"post_mailing_queue_ids":[],"_links":{"self":[{"href":"https:\/\/agora.xtec.cat\/ceiplajota\/wp-json\/wp\/v2\/posts\/6110","targetHints":{"allow":["GET"]}}],"collection":[{"href":"https:\/\/agora.xtec.cat\/ceiplajota\/wp-json\/wp\/v2\/posts"}],"about":[{"href":"https:\/\/agora.xtec.cat\/ceiplajota\/wp-json\/wp\/v2\/types\/post"}],"author":[{"embeddable":true,"href":"https:\/\/agora.xtec.cat\/ceiplajota\/wp-json\/wp\/v2\/users\/34"}],"replies":[{"embeddable":true,"href":"https:\/\/agora.xtec.cat\/ceiplajota\/wp-json\/wp\/v2\/comments?post=6110"}],"version-history":[{"count":2,"href":"https:\/\/agora.xtec.cat\/ceiplajota\/wp-json\/wp\/v2\/posts\/6110\/revisions"}],"predecessor-version":[{"id":6112,"href":"https:\/\/agora.xtec.cat\/ceiplajota\/wp-json\/wp\/v2\/posts\/6110\/revisions\/6112"}],"wp:featuredmedia":[{"embeddable":true,"href":"https:\/\/agora.xtec.cat\/ceiplajota\/wp-json\/wp\/v2\/media\/6054"}],"wp:attachment":[{"href":"https:\/\/agora.xtec.cat\/ceiplajota\/wp-json\/wp\/v2\/media?parent=6110"}],"wp:term":[{"taxonomy":"category","embeddable":true,"href":"https:\/\/agora.xtec.cat\/ceiplajota\/wp-json\/wp\/v2\/categories?post=6110"},{"taxonomy":"post_tag","embeddable":true,"href":"https:\/\/agora.xtec.cat\/ceiplajota\/wp-json\/wp\/v2\/tags?post=6110"}],"curies":[{"name":"wp","href":"https:\/\/api.w.org\/{rel}","templated":true}]}}