{"id":6075,"date":"2024-02-27T20:42:32","date_gmt":"2024-02-27T19:42:32","guid":{"rendered":"https:\/\/agora.xtec.cat\/ceiplajota\/?p=6075"},"modified":"2024-02-27T20:42:47","modified_gmt":"2024-02-27T19:42:47","slug":"experiments-a-cicle-inicial","status":"publish","type":"post","link":"https:\/\/agora.xtec.cat\/ceiplajota\/general\/experiments-a-cicle-inicial\/","title":{"rendered":"Experiments a Cicle Inicial"},"content":{"rendered":"<p><a href=\"https:\/\/agora.xtec.cat\/ceiplajota\/wp-content\/uploads\/usu1571\/2024\/02\/Presentacion-Proyecto-de-Ciencias-Infantil-Multicolor.jpg\"><img loading=\"lazy\" decoding=\"async\" class=\"alignnone size-large wp-image-6076\" src=\"https:\/\/agora.xtec.cat\/ceiplajota\/wp-content\/uploads\/usu1571\/2024\/02\/Presentacion-Proyecto-de-Ciencias-Infantil-Multicolor-1024x576.jpg\" alt=\"\" width=\"1024\" height=\"576\" srcset=\"https:\/\/agora.xtec.cat\/ceiplajota\/wp-content\/uploads\/usu1571\/2024\/02\/Presentacion-Proyecto-de-Ciencias-Infantil-Multicolor-1024x576.jpg 1024w, https:\/\/agora.xtec.cat\/ceiplajota\/wp-content\/uploads\/usu1571\/2024\/02\/Presentacion-Proyecto-de-Ciencias-Infantil-Multicolor-300x169.jpg 300w, https:\/\/agora.xtec.cat\/ceiplajota\/wp-content\/uploads\/usu1571\/2024\/02\/Presentacion-Proyecto-de-Ciencias-Infantil-Multicolor-768x432.jpg 768w, https:\/\/agora.xtec.cat\/ceiplajota\/wp-content\/uploads\/usu1571\/2024\/02\/Presentacion-Proyecto-de-Ciencias-Infantil-Multicolor-1536x864.jpg 1536w, https:\/\/agora.xtec.cat\/ceiplajota\/wp-content\/uploads\/usu1571\/2024\/02\/Presentacion-Proyecto-de-Ciencias-Infantil-Multicolor.jpg 1920w\" sizes=\"auto, (max-width: 1024px) 100vw, 1024px\" \/><\/a><\/p>\n<p>A partir del primer cicle de prim\u00e0ria, iniciem el treball del coneixement del medi natural i social a trav\u00e9s de la interacci\u00f3 directa amb el medi i l&#8217;entorn. Per aquest motiu, el laboratori de l&#8217;escola, es converteix en una finestra oberta al m\u00f3n. Amb diferents materials, estris i mostres de l&#8217;entorn, realitzem hip\u00f2tesi, observem, manipulem i arribem a conclusions sobre tot all\u00f2 que ens envolta. A continuaci\u00f3, teniu una mostra dels treballs que s&#8217;han anat fent a primer i segon al llarg del curs.<\/p>\n<p><a href=\"https:\/\/photos.app.goo.gl\/QpQNfpxQJ5mSJAb78\">Fotografies<\/a><\/p>\n","protected":false},"excerpt":{"rendered":"<p><a href=\"https:\/\/agora.xtec.cat\/ceiplajota\/wp-content\/uploads\/usu1571\/2024\/02\/Presentacion-Proyecto-de-Ciencias-Infantil-Multicolor.jpg\"><\/a><br \/>\nA partir del primer cicle de prim\u00e0ria, iniciem el treball del coneixement del medi natural i social a trav\u00e9s de la interacci\u00f3 directa amb el medi i l&#8217;entorn. Per aquest motiu, el laboratori de l&#8217;escola, es converteix en una finestra oberta al m\u00f3n. Amb&hellip;  <a href=\"https:\/\/agora.xtec.cat\/ceiplajota\/general\/experiments-a-cicle-inicial\/\" title=\"Read Experiments a Cicle Inicial\">Llegeix m\u00e9s\u00bb<\/a><\/p>\n","protected":false},"author":34,"featured_media":6076,"comment_status":"open","ping_status":"closed","sticky":false,"template":"","format":"standard","meta":{"_bbp_topic_count":0,"_bbp_reply_count":0,"_bbp_total_topic_count":0,"_bbp_total_reply_count":0,"_bbp_voice_count":0,"_bbp_anonymous_reply_count":0,"_bbp_topic_count_hidden":0,"_bbp_reply_count_hidden":0,"_bbp_forum_subforum_count":0,"footnotes":""},"categories":[1],"tags":[],"class_list":["post-6075","post","type-post","status-publish","format-standard","has-post-thumbnail","hentry","category-general"],"post_mailing_queue_ids":[],"_links":{"self":[{"href":"https:\/\/agora.xtec.cat\/ceiplajota\/wp-json\/wp\/v2\/posts\/6075","targetHints":{"allow":["GET"]}}],"collection":[{"href":"https:\/\/agora.xtec.cat\/ceiplajota\/wp-json\/wp\/v2\/posts"}],"about":[{"href":"https:\/\/agora.xtec.cat\/ceiplajota\/wp-json\/wp\/v2\/types\/post"}],"author":[{"embeddable":true,"href":"https:\/\/agora.xtec.cat\/ceiplajota\/wp-json\/wp\/v2\/users\/34"}],"replies":[{"embeddable":true,"href":"https:\/\/agora.xtec.cat\/ceiplajota\/wp-json\/wp\/v2\/comments?post=6075"}],"version-history":[{"count":1,"href":"https:\/\/agora.xtec.cat\/ceiplajota\/wp-json\/wp\/v2\/posts\/6075\/revisions"}],"predecessor-version":[{"id":6077,"href":"https:\/\/agora.xtec.cat\/ceiplajota\/wp-json\/wp\/v2\/posts\/6075\/revisions\/6077"}],"wp:featuredmedia":[{"embeddable":true,"href":"https:\/\/agora.xtec.cat\/ceiplajota\/wp-json\/wp\/v2\/media\/6076"}],"wp:attachment":[{"href":"https:\/\/agora.xtec.cat\/ceiplajota\/wp-json\/wp\/v2\/media?parent=6075"}],"wp:term":[{"taxonomy":"category","embeddable":true,"href":"https:\/\/agora.xtec.cat\/ceiplajota\/wp-json\/wp\/v2\/categories?post=6075"},{"taxonomy":"post_tag","embeddable":true,"href":"https:\/\/agora.xtec.cat\/ceiplajota\/wp-json\/wp\/v2\/tags?post=6075"}],"curies":[{"name":"wp","href":"https:\/\/api.w.org\/{rel}","templated":true}]}}