{"id":6063,"date":"2024-02-22T21:56:45","date_gmt":"2024-02-22T20:56:45","guid":{"rendered":"https:\/\/agora.xtec.cat\/ceiplajota\/?p=6063"},"modified":"2024-02-24T18:06:18","modified_gmt":"2024-02-24T17:06:18","slug":"21-de-febrer-dia-de-la-llengua-materna","status":"publish","type":"post","link":"https:\/\/agora.xtec.cat\/ceiplajota\/general\/21-de-febrer-dia-de-la-llengua-materna\/","title":{"rendered":"21 de febrer: Dia de la llengua materna"},"content":{"rendered":"<p>L&#8217;alumnat de quart ha fet una feina per commemorar el Dia Internacional de la Llengua Materna.\u00a0 Han reflexionat sobre la seva paraula preferida i ens expliquen quina \u00e9s i per quina ra\u00f3 \u00e9s la millor paraula del m\u00f3n.<\/p>\n<p>Us deixem amb el v\u00eddeo provisional (aquests dies les malalties han anat a tope i falten alguns alumnes).<\/p>\n<p>No us ho perdeu!<\/p>\n<p><iframe loading=\"lazy\" title=\"LLENGUA MATERNA 2024 2\" width=\"500\" height=\"281\" src=\"https:\/\/www.youtube.com\/embed\/C73FXHSYpe0?feature=oembed\" frameborder=\"0\" allow=\"accelerometer; autoplay; clipboard-write; encrypted-media; gyroscope; picture-in-picture; web-share\" referrerpolicy=\"strict-origin-when-cross-origin\" allowfullscreen><\/iframe><\/p>\n","protected":false},"excerpt":{"rendered":"<p>L&#8217;alumnat de quart ha fet una feina per commemorar el Dia Internacional de la Llengua Materna.\u00a0 Han reflexionat sobre la seva paraula preferida i ens expliquen quina \u00e9s i per quina ra\u00f3 \u00e9s la millor paraula del m\u00f3n.<br \/>\nUs deixem amb el v\u00eddeo provisional (aquests dies&hellip;  <a href=\"https:\/\/agora.xtec.cat\/ceiplajota\/general\/21-de-febrer-dia-de-la-llengua-materna\/\" title=\"Read 21 de febrer: Dia de la llengua materna\">Llegeix m\u00e9s\u00bb<\/a><\/p>\n","protected":false},"author":12,"featured_media":6064,"comment_status":"open","ping_status":"closed","sticky":false,"template":"","format":"standard","meta":{"_bbp_topic_count":0,"_bbp_reply_count":0,"_bbp_total_topic_count":0,"_bbp_total_reply_count":0,"_bbp_voice_count":0,"_bbp_anonymous_reply_count":0,"_bbp_topic_count_hidden":0,"_bbp_reply_count_hidden":0,"_bbp_forum_subforum_count":0,"footnotes":""},"categories":[13,1],"tags":[],"class_list":["post-6063","post","type-post","status-publish","format-standard","has-post-thumbnail","hentry","category-4t","category-general"],"post_mailing_queue_ids":[],"_links":{"self":[{"href":"https:\/\/agora.xtec.cat\/ceiplajota\/wp-json\/wp\/v2\/posts\/6063","targetHints":{"allow":["GET"]}}],"collection":[{"href":"https:\/\/agora.xtec.cat\/ceiplajota\/wp-json\/wp\/v2\/posts"}],"about":[{"href":"https:\/\/agora.xtec.cat\/ceiplajota\/wp-json\/wp\/v2\/types\/post"}],"author":[{"embeddable":true,"href":"https:\/\/agora.xtec.cat\/ceiplajota\/wp-json\/wp\/v2\/users\/12"}],"replies":[{"embeddable":true,"href":"https:\/\/agora.xtec.cat\/ceiplajota\/wp-json\/wp\/v2\/comments?post=6063"}],"version-history":[{"count":5,"href":"https:\/\/agora.xtec.cat\/ceiplajota\/wp-json\/wp\/v2\/posts\/6063\/revisions"}],"predecessor-version":[{"id":6073,"href":"https:\/\/agora.xtec.cat\/ceiplajota\/wp-json\/wp\/v2\/posts\/6063\/revisions\/6073"}],"wp:featuredmedia":[{"embeddable":true,"href":"https:\/\/agora.xtec.cat\/ceiplajota\/wp-json\/wp\/v2\/media\/6064"}],"wp:attachment":[{"href":"https:\/\/agora.xtec.cat\/ceiplajota\/wp-json\/wp\/v2\/media?parent=6063"}],"wp:term":[{"taxonomy":"category","embeddable":true,"href":"https:\/\/agora.xtec.cat\/ceiplajota\/wp-json\/wp\/v2\/categories?post=6063"},{"taxonomy":"post_tag","embeddable":true,"href":"https:\/\/agora.xtec.cat\/ceiplajota\/wp-json\/wp\/v2\/tags?post=6063"}],"curies":[{"name":"wp","href":"https:\/\/api.w.org\/{rel}","templated":true}]}}