{"id":6050,"date":"2024-02-21T23:35:53","date_gmt":"2024-02-21T22:35:53","guid":{"rendered":"https:\/\/agora.xtec.cat\/ceiplajota\/?p=6050"},"modified":"2024-02-21T23:41:45","modified_gmt":"2024-02-21T22:41:45","slug":"bika-vol-dir-avia-2","status":"publish","type":"post","link":"https:\/\/agora.xtec.cat\/ceiplajota\/general\/bika-vol-dir-avia-2\/","title":{"rendered":"BIKA VOL DIR \u00c0VIA"},"content":{"rendered":"<p>Bon dia fam\u00edlies de tercer,<\/p>\n<p>Aquest curs, hem tornat a tenir el plaer de comptar amb la visita de la Paula L\u00f3pez i la Mar\u00eda Rosa Contreras acompanyades de la Dami per parlar-nos del conte <strong>\u201cBIKA VOL DIR \u00c0VIA\u201d<\/strong>.<\/p>\n<p>La Paula que \u00e9s l&#8217;autora, ens ha llegit i explicat la hist\u00f2ria d&#8217;aquest llibre. Mentrestant, la Mar\u00eda Rosa que \u00e9s la il\u00b7lustradora, ens feia un dibuix preci\u00f3s per tenir-ho de record. Aquest llibre tamb\u00e9 han comptat amb la participaci\u00f3 de l\u2019associaci\u00f3 de dones gitanes de Badia, <strong>Tumenge<\/strong>\u00a0<strong>Cal\u00ed<\/strong>.<\/p>\n<p><strong><em>&#8220;Bika vol dir \u00e0via<\/em><\/strong>&#8221; ens explica les viv\u00e8ncies de la Rosa i de la seva Bika (\u00e0via). \u00c9s un relat molt am\u00e8 i proper amb una protagonista com nosaltres que descobreix la riquesa de la seva llengua i de la seva hist\u00f2ria.<\/p>\n<p>Aprofitant que avui \u00e9s el Dia de les<em><b>\u00a0Lleng\u00fces Maternes\u00a0<\/b><\/em>hem pogut aprendre m\u00e9s sobre el Roman\u00f3 com a llengua gitana i la seva import\u00e0ncia a la nostra comunitat. Els nens i nenes han pogut fer preguntes i participar en les explicacions.<\/p>\n<p>Ha estat una activitat molt interessant i enriquidora. Hem gaudit i apr\u00e8s amb les explicacions de la Paula i els dibuixos de la Mar\u00eda. Us agra\u00efm la vostra visita i esperem que torneu aviat.<\/p>\n<p>&nbsp;<\/p>\n<p>Aqu\u00ed teniu algunes fotos d\u2019aquest moment \ud83d\udc47\ud83d\udc47\ud83d\udc47<\/p>\n<h2><a href=\"https:\/\/photos.app.goo.gl\/JmnxVzHdzswPxLvU8\">CONTE DE LA BIKA<\/a><\/h2>\n","protected":false},"excerpt":{"rendered":"<p>Bon dia fam\u00edlies de tercer,<br \/>\nAquest curs, hem tornat a tenir el plaer de comptar amb la visita de la Paula L\u00f3pez i la Mar\u00eda Rosa Contreras acompanyades de la Dami per parlar-nos del conte \u201cBIKA VOL DIR \u00c0VIA\u201d.<br \/>\nLa Paula que \u00e9s l&#8217;autora, ens ha llegit&hellip;  <a href=\"https:\/\/agora.xtec.cat\/ceiplajota\/general\/bika-vol-dir-avia-2\/\" title=\"Read BIKA VOL DIR \u00c0VIA\">Llegeix m\u00e9s\u00bb<\/a><\/p>\n","protected":false},"author":22,"featured_media":6051,"comment_status":"open","ping_status":"closed","sticky":false,"template":"","format":"standard","meta":{"_bbp_topic_count":0,"_bbp_reply_count":0,"_bbp_total_topic_count":0,"_bbp_total_reply_count":0,"_bbp_voice_count":0,"_bbp_anonymous_reply_count":0,"_bbp_topic_count_hidden":0,"_bbp_reply_count_hidden":0,"_bbp_forum_subforum_count":0,"footnotes":""},"categories":[12,1],"tags":[],"class_list":["post-6050","post","type-post","status-publish","format-standard","has-post-thumbnail","hentry","category-3r","category-general"],"post_mailing_queue_ids":[],"_links":{"self":[{"href":"https:\/\/agora.xtec.cat\/ceiplajota\/wp-json\/wp\/v2\/posts\/6050","targetHints":{"allow":["GET"]}}],"collection":[{"href":"https:\/\/agora.xtec.cat\/ceiplajota\/wp-json\/wp\/v2\/posts"}],"about":[{"href":"https:\/\/agora.xtec.cat\/ceiplajota\/wp-json\/wp\/v2\/types\/post"}],"author":[{"embeddable":true,"href":"https:\/\/agora.xtec.cat\/ceiplajota\/wp-json\/wp\/v2\/users\/22"}],"replies":[{"embeddable":true,"href":"https:\/\/agora.xtec.cat\/ceiplajota\/wp-json\/wp\/v2\/comments?post=6050"}],"version-history":[{"count":1,"href":"https:\/\/agora.xtec.cat\/ceiplajota\/wp-json\/wp\/v2\/posts\/6050\/revisions"}],"predecessor-version":[{"id":6052,"href":"https:\/\/agora.xtec.cat\/ceiplajota\/wp-json\/wp\/v2\/posts\/6050\/revisions\/6052"}],"wp:featuredmedia":[{"embeddable":true,"href":"https:\/\/agora.xtec.cat\/ceiplajota\/wp-json\/wp\/v2\/media\/6051"}],"wp:attachment":[{"href":"https:\/\/agora.xtec.cat\/ceiplajota\/wp-json\/wp\/v2\/media?parent=6050"}],"wp:term":[{"taxonomy":"category","embeddable":true,"href":"https:\/\/agora.xtec.cat\/ceiplajota\/wp-json\/wp\/v2\/categories?post=6050"},{"taxonomy":"post_tag","embeddable":true,"href":"https:\/\/agora.xtec.cat\/ceiplajota\/wp-json\/wp\/v2\/tags?post=6050"}],"curies":[{"name":"wp","href":"https:\/\/api.w.org\/{rel}","templated":true}]}}