{"id":6016,"date":"2024-02-13T00:08:18","date_gmt":"2024-02-12T23:08:18","guid":{"rendered":"https:\/\/agora.xtec.cat\/ceiplajota\/?p=6016"},"modified":"2024-02-14T19:47:34","modified_gmt":"2024-02-14T18:47:34","slug":"carnaval-2024","status":"publish","type":"post","link":"https:\/\/agora.xtec.cat\/ceiplajota\/general\/carnaval-2024\/","title":{"rendered":"CARNAVAL 2024"},"content":{"rendered":"<p>Aqu\u00ed trobareu el programa del CARNAVAL 2024.<\/p>\n<ul>\n<li><a href=\"https:\/\/drive.google.com\/file\/d\/12L8edJaHFXY2PnvlshApL3UCgC9v0qzX\/view?usp=drive_link\" target=\"_blank\" rel=\"noopener\">DIJOUS GRAS<\/a><\/li>\n<\/ul>\n<p>Per q\u00fcestions d&#8217;aforament i \u00fas de les pistes municipals, la tarda del dijous gras s&#8217;ha fet la desfilada a les pistes esportives exteriors . Les fam\u00edlies heu pogut gaudir de la desfilada de les classes amb l&#8217;alumnat amb disfressa tema lliure.\u00a0 Els alumnes de 6\u00e8 curs de prim\u00e0ria han llegit el preg\u00f3 de les festes.<\/p>\n<ul>\n<li><a href=\"https:\/\/drive.google.com\/file\/d\/1Z1gsJkqv8ybY3LktseP1ouTQ11Uq6z5k\/view?usp=drive_link\" target=\"_blank\" rel=\"noopener\">DIVENDRES<\/a><\/li>\n<\/ul>\n<p>Amb la pluja s&#8217;ha anul\u00b7lat la RUA per la localitat per\u00f2 en el centre hem tingut el &#8220;Plan B&#8221;, fer una mini Rua al pavell\u00f3 escolar on les fam\u00edlies heu pogut entrar i gaudir de les boniques disfresses dels nens i les nenes, des d&#8217;infantil 3 anys fins a 1r de la ESO.<\/p>\n<p>A les 16h l&#8217;AMPA ha ofert xocolata desfeta que estava\u00a0 molt bona.<\/p>\n<p>Si vols veure fotografies de les jornades, <a href=\"https:\/\/drive.google.com\/drive\/folders\/1F_8hQ_UZiAuKCqoUweMapQawD2NSLM9F?usp=drive_link\" target=\"_blank\" rel=\"noopener\">CLICA AQU\u00cd<\/a>.<\/p>\n<p><strong><em>&#8211; <a href=\"https:\/\/photos.app.goo.gl\/uaFi7PQb9HENyz6z7\" target=\"_blank\" rel=\"noopener\">FOTOS EDUCACI\u00d3 INFANTIL<\/a><\/em><\/strong><\/p>\n<p><em><strong>&#8211; <a href=\"https:\/\/photos.app.goo.gl\/XPKQBxQuFaZg999Z9\" target=\"_blank\" rel=\"noopener\">FOTOS CICLE INCIAL<\/a><\/strong><\/em><\/p>\n<p><strong><em>&#8211; <a href=\"https:\/\/photos.google.com\/share\/AF1QipPooXsWvr8R-uARTRMIOV5VBT6r40-O6Pt0MbZ58gB1wtBxKrX9twdJ9pjjh5_OEw?key=Yi1UMEpkNG5tdTM0VDZtVjh1UFJPdVF6T0k4VWR3\" target=\"_blank\" rel=\"noopener\">FOTOS CICLE MITJ\u00c0<\/a><\/em><\/strong><\/p>\n<p><strong><em><a href=\"https:\/\/photos.app.goo.gl\/DgoVU5tZTDe3kwpe8\" target=\"_blank\" rel=\"noopener\">&#8211; FOTOS CICLE SUPERIOR<\/a><\/em><\/strong><\/p>\n<p><strong><em>&#8211; FOTOS ESO<\/em><\/strong><\/p>\n<p><a href=\"https:\/\/agora.xtec.cat\/ceiplajota\/wp-content\/uploads\/usu1571\/2024\/02\/carnaval-decoracio.png\"><img loading=\"lazy\" decoding=\"async\" class=\"aligncenter size-full wp-image-6024\" src=\"https:\/\/agora.xtec.cat\/ceiplajota\/wp-content\/uploads\/usu1571\/2024\/02\/carnaval-decoracio.png\" alt=\"\" width=\"300\" height=\"90\" \/><\/a><\/p>\n<p>&nbsp;<\/p>\n","protected":false},"excerpt":{"rendered":"<p>Aqu\u00ed trobareu el programa del CARNAVAL 2024.<\/p>\n<ul>\n<li><a href=\"https:\/\/drive.google.com\/file\/d\/12L8edJaHFXY2PnvlshApL3UCgC9v0qzX\/view?usp=drive_link\" target=\"_blank\" rel=\"noopener\">DIJOUS GRAS<\/a><\/li>\n<\/ul>\n<p>Per q\u00fcestions d&#8217;aforament i \u00fas de les pistes municipals, la tarda del dijous gras s&#8217;ha fet la desfilada a les pistes esportives exteriors . Les fam\u00edlies heu pogut gaudir de la desfilada de les classes&hellip;  <a href=\"https:\/\/agora.xtec.cat\/ceiplajota\/general\/carnaval-2024\/\" title=\"Read CARNAVAL 2024\">Llegeix m\u00e9s\u00bb<\/a><\/p>\n","protected":false},"author":1,"featured_media":6023,"comment_status":"open","ping_status":"closed","sticky":false,"template":"","format":"standard","meta":{"_bbp_topic_count":0,"_bbp_reply_count":0,"_bbp_total_topic_count":0,"_bbp_total_reply_count":0,"_bbp_voice_count":0,"_bbp_anonymous_reply_count":0,"_bbp_topic_count_hidden":0,"_bbp_reply_count_hidden":0,"_bbp_forum_subforum_count":0,"footnotes":""},"categories":[1],"tags":[],"class_list":["post-6016","post","type-post","status-publish","format-standard","has-post-thumbnail","hentry","category-general"],"post_mailing_queue_ids":[],"_links":{"self":[{"href":"https:\/\/agora.xtec.cat\/ceiplajota\/wp-json\/wp\/v2\/posts\/6016","targetHints":{"allow":["GET"]}}],"collection":[{"href":"https:\/\/agora.xtec.cat\/ceiplajota\/wp-json\/wp\/v2\/posts"}],"about":[{"href":"https:\/\/agora.xtec.cat\/ceiplajota\/wp-json\/wp\/v2\/types\/post"}],"author":[{"embeddable":true,"href":"https:\/\/agora.xtec.cat\/ceiplajota\/wp-json\/wp\/v2\/users\/1"}],"replies":[{"embeddable":true,"href":"https:\/\/agora.xtec.cat\/ceiplajota\/wp-json\/wp\/v2\/comments?post=6016"}],"version-history":[{"count":7,"href":"https:\/\/agora.xtec.cat\/ceiplajota\/wp-json\/wp\/v2\/posts\/6016\/revisions"}],"predecessor-version":[{"id":6043,"href":"https:\/\/agora.xtec.cat\/ceiplajota\/wp-json\/wp\/v2\/posts\/6016\/revisions\/6043"}],"wp:featuredmedia":[{"embeddable":true,"href":"https:\/\/agora.xtec.cat\/ceiplajota\/wp-json\/wp\/v2\/media\/6023"}],"wp:attachment":[{"href":"https:\/\/agora.xtec.cat\/ceiplajota\/wp-json\/wp\/v2\/media?parent=6016"}],"wp:term":[{"taxonomy":"category","embeddable":true,"href":"https:\/\/agora.xtec.cat\/ceiplajota\/wp-json\/wp\/v2\/categories?post=6016"},{"taxonomy":"post_tag","embeddable":true,"href":"https:\/\/agora.xtec.cat\/ceiplajota\/wp-json\/wp\/v2\/tags?post=6016"}],"curies":[{"name":"wp","href":"https:\/\/api.w.org\/{rel}","templated":true}]}}