{"id":6013,"date":"2024-02-05T20:53:30","date_gmt":"2024-02-05T19:53:30","guid":{"rendered":"https:\/\/agora.xtec.cat\/ceiplajota\/?p=6013"},"modified":"2024-02-05T20:55:19","modified_gmt":"2024-02-05T19:55:19","slug":"comencem-a-lescola-anem-a-i3","status":"publish","type":"post","link":"https:\/\/agora.xtec.cat\/ceiplajota\/general\/comencem-a-lescola-anem-a-i3\/","title":{"rendered":"Comencem a l&#8217;escola, anem a i3"},"content":{"rendered":"<p>Hola fam\u00edlies que <strong>teniu infants que el curs 2024-2025 han de fer i3<\/strong>, han de comen\u00e7ar a l&#8217;escola dels grans.<\/p>\n<p>Com cada curs, les direccions dels dos centres educatius d&#8217;educaci\u00f3 infantil, prim\u00e0ria i secund\u00e0ria (en el nostre cas)\u00a0 de la poblaci\u00f3 farem unes sessions a les llars d&#8217;infants .<\/p>\n<p>El dimarts dia 20 de febrer a les 15:15 a la Llar d&#8217;Infants La Llavor, el dijous dia 22 de febrer a les 15:15h a la Llar d&#8217;Infants La Mainada.<\/p>\n<p>Aqu\u00ed teniu el <a href=\"https:\/\/drive.google.com\/file\/d\/1tgKqmWEs0MXGfire2KRDes2jDmlBXEGH\/view?usp=drive_link\" target=\"_blank\" rel=\"noopener\">cartell<\/a>.<\/p>\n<p>&nbsp;<\/p>\n<p>Us hi esperem!!!<\/p>\n","protected":false},"excerpt":{"rendered":"<p>Hola fam\u00edlies que teniu infants que el curs 2024-2025 han de fer i3, han de comen\u00e7ar a l&#8217;escola dels grans.<br \/>\nCom cada curs, les direccions dels dos centres educatius d&#8217;educaci\u00f3 infantil, prim\u00e0ria i secund\u00e0ria (en el nostre cas)\u00a0 de la poblaci\u00f3 farem unes sessions a les&hellip;  <a href=\"https:\/\/agora.xtec.cat\/ceiplajota\/general\/comencem-a-lescola-anem-a-i3\/\" title=\"Read Comencem a l&#8217;escola, anem a i3\">Llegeix m\u00e9s\u00bb<\/a><\/p>\n","protected":false},"author":1,"featured_media":6015,"comment_status":"open","ping_status":"closed","sticky":false,"template":"","format":"standard","meta":{"_bbp_topic_count":0,"_bbp_reply_count":0,"_bbp_total_topic_count":0,"_bbp_total_reply_count":0,"_bbp_voice_count":0,"_bbp_anonymous_reply_count":0,"_bbp_topic_count_hidden":0,"_bbp_reply_count_hidden":0,"_bbp_forum_subforum_count":0,"footnotes":""},"categories":[1],"tags":[],"class_list":["post-6013","post","type-post","status-publish","format-standard","has-post-thumbnail","hentry","category-general"],"post_mailing_queue_ids":[],"_links":{"self":[{"href":"https:\/\/agora.xtec.cat\/ceiplajota\/wp-json\/wp\/v2\/posts\/6013","targetHints":{"allow":["GET"]}}],"collection":[{"href":"https:\/\/agora.xtec.cat\/ceiplajota\/wp-json\/wp\/v2\/posts"}],"about":[{"href":"https:\/\/agora.xtec.cat\/ceiplajota\/wp-json\/wp\/v2\/types\/post"}],"author":[{"embeddable":true,"href":"https:\/\/agora.xtec.cat\/ceiplajota\/wp-json\/wp\/v2\/users\/1"}],"replies":[{"embeddable":true,"href":"https:\/\/agora.xtec.cat\/ceiplajota\/wp-json\/wp\/v2\/comments?post=6013"}],"version-history":[{"count":1,"href":"https:\/\/agora.xtec.cat\/ceiplajota\/wp-json\/wp\/v2\/posts\/6013\/revisions"}],"predecessor-version":[{"id":6014,"href":"https:\/\/agora.xtec.cat\/ceiplajota\/wp-json\/wp\/v2\/posts\/6013\/revisions\/6014"}],"wp:featuredmedia":[{"embeddable":true,"href":"https:\/\/agora.xtec.cat\/ceiplajota\/wp-json\/wp\/v2\/media\/6015"}],"wp:attachment":[{"href":"https:\/\/agora.xtec.cat\/ceiplajota\/wp-json\/wp\/v2\/media?parent=6013"}],"wp:term":[{"taxonomy":"category","embeddable":true,"href":"https:\/\/agora.xtec.cat\/ceiplajota\/wp-json\/wp\/v2\/categories?post=6013"},{"taxonomy":"post_tag","embeddable":true,"href":"https:\/\/agora.xtec.cat\/ceiplajota\/wp-json\/wp\/v2\/tags?post=6013"}],"curies":[{"name":"wp","href":"https:\/\/api.w.org\/{rel}","templated":true}]}}