{"id":5986,"date":"2024-02-02T00:30:59","date_gmt":"2024-02-01T23:30:59","guid":{"rendered":"https:\/\/agora.xtec.cat\/ceiplajota\/?p=5986"},"modified":"2024-02-04T12:59:34","modified_gmt":"2024-02-04T11:59:34","slug":"entrevistes-a-primaria-avaluacio-formadora","status":"publish","type":"post","link":"https:\/\/agora.xtec.cat\/ceiplajota\/general\/entrevistes-a-primaria-avaluacio-formadora\/","title":{"rendered":"Entrevistes a prim\u00e0ria. Avaluaci\u00f3 formadora"},"content":{"rendered":"<p>Fam\u00edlies de prim\u00e0ria,<\/p>\n<p>Aquest segon trimestre fem les entrevistes per comentar el primer informe entre tots. Alumne\/a, fam\u00edlia i docent ens reunim per trobar els punts forts i els febles del proc\u00e9s d&#8217;aprenentatge dels vostres fills\/es.<\/p>\n<p>Cliqueu a la imatge per demanar la cita pr\u00e8via de cada curs.<\/p>\n<p>&nbsp;<\/p>\n<p><a href=\"https:\/\/docs.google.com\/document\/d\/1x8Vo4GvHNiL1gYeG4UkErbuBJiZUobLCzLE_9azXk1g\/edit?usp=drive_link\" target=\"_blank\" rel=\"noopener\"><img loading=\"lazy\" decoding=\"async\" class=\"aligncenter wp-image-5972\" src=\"https:\/\/agora.xtec.cat\/ceiplajota\/wp-content\/uploads\/usu1571\/2024\/01\/Compromis-e1705965090782.png\" alt=\"\" width=\"256\" height=\"267\" \/><\/a><\/p>\n<p><a href=\"https:\/\/agora.xtec.cat\/ceiplajota\/wp-content\/uploads\/usu1571\/2024\/02\/Lavaluacio-1.png\"><img loading=\"lazy\" decoding=\"async\" class=\"aligncenter size-full wp-image-5998\" src=\"https:\/\/agora.xtec.cat\/ceiplajota\/wp-content\/uploads\/usu1571\/2024\/02\/Lavaluacio-1.png\" alt=\"\" width=\"754\" height=\"397\" srcset=\"https:\/\/agora.xtec.cat\/ceiplajota\/wp-content\/uploads\/usu1571\/2024\/02\/Lavaluacio-1.png 754w, https:\/\/agora.xtec.cat\/ceiplajota\/wp-content\/uploads\/usu1571\/2024\/02\/Lavaluacio-1-300x158.png 300w\" sizes=\"auto, (max-width: 754px) 100vw, 754px\" \/><\/a><\/p>\n","protected":false},"excerpt":{"rendered":"<p>Fam\u00edlies de prim\u00e0ria,<br \/>\nAquest segon trimestre fem les entrevistes per comentar el primer informe entre tots. Alumne\/a, fam\u00edlia i docent ens reunim per trobar els punts forts i els febles del proc\u00e9s d&#8217;aprenentatge dels vostres fills\/es.<br \/>\nCliqueu a la imatge per demanar la cita pr\u00e8via de cada&hellip;  <a href=\"https:\/\/agora.xtec.cat\/ceiplajota\/general\/entrevistes-a-primaria-avaluacio-formadora\/\" title=\"Read Entrevistes a prim\u00e0ria. Avaluaci\u00f3 formadora\">Llegeix m\u00e9s\u00bb<\/a><\/p>\n","protected":false},"author":1,"featured_media":5997,"comment_status":"open","ping_status":"closed","sticky":false,"template":"","format":"standard","meta":{"_bbp_topic_count":0,"_bbp_reply_count":0,"_bbp_total_topic_count":0,"_bbp_total_reply_count":0,"_bbp_voice_count":0,"_bbp_anonymous_reply_count":0,"_bbp_topic_count_hidden":0,"_bbp_reply_count_hidden":0,"_bbp_forum_subforum_count":0,"footnotes":""},"categories":[1],"tags":[],"class_list":["post-5986","post","type-post","status-publish","format-standard","has-post-thumbnail","hentry","category-general"],"post_mailing_queue_ids":[],"_links":{"self":[{"href":"https:\/\/agora.xtec.cat\/ceiplajota\/wp-json\/wp\/v2\/posts\/5986","targetHints":{"allow":["GET"]}}],"collection":[{"href":"https:\/\/agora.xtec.cat\/ceiplajota\/wp-json\/wp\/v2\/posts"}],"about":[{"href":"https:\/\/agora.xtec.cat\/ceiplajota\/wp-json\/wp\/v2\/types\/post"}],"author":[{"embeddable":true,"href":"https:\/\/agora.xtec.cat\/ceiplajota\/wp-json\/wp\/v2\/users\/1"}],"replies":[{"embeddable":true,"href":"https:\/\/agora.xtec.cat\/ceiplajota\/wp-json\/wp\/v2\/comments?post=5986"}],"version-history":[{"count":2,"href":"https:\/\/agora.xtec.cat\/ceiplajota\/wp-json\/wp\/v2\/posts\/5986\/revisions"}],"predecessor-version":[{"id":5999,"href":"https:\/\/agora.xtec.cat\/ceiplajota\/wp-json\/wp\/v2\/posts\/5986\/revisions\/5999"}],"wp:featuredmedia":[{"embeddable":true,"href":"https:\/\/agora.xtec.cat\/ceiplajota\/wp-json\/wp\/v2\/media\/5997"}],"wp:attachment":[{"href":"https:\/\/agora.xtec.cat\/ceiplajota\/wp-json\/wp\/v2\/media?parent=5986"}],"wp:term":[{"taxonomy":"category","embeddable":true,"href":"https:\/\/agora.xtec.cat\/ceiplajota\/wp-json\/wp\/v2\/categories?post=5986"},{"taxonomy":"post_tag","embeddable":true,"href":"https:\/\/agora.xtec.cat\/ceiplajota\/wp-json\/wp\/v2\/tags?post=5986"}],"curies":[{"name":"wp","href":"https:\/\/api.w.org\/{rel}","templated":true}]}}