{"id":5971,"date":"2024-01-22T19:34:34","date_gmt":"2024-01-22T18:34:34","guid":{"rendered":"https:\/\/agora.xtec.cat\/ceiplajota\/?p=5971"},"modified":"2024-01-23T00:13:35","modified_gmt":"2024-01-22T23:13:35","slug":"lavaluacio-i-la-lomloe","status":"publish","type":"post","link":"https:\/\/agora.xtec.cat\/ceiplajota\/general\/lavaluacio-i-la-lomloe\/","title":{"rendered":"L&#8217;avaluaci\u00f3 i la LOMLOE"},"content":{"rendered":"<p>Avui parlem de <strong>l\u2019avaluaci\u00f3<\/strong>, un aspecte que aquest curs estem treballant a nivell d\u2019equip docent de l&#8217;<strong>Institut Escola de Badia<\/strong> segons la novetat del <strong><a href=\"https:\/\/projectes.xtec.cat\/nou-curriculum\/\" target=\"_blank\" rel=\"noopener\">Nou Curr\u00edculum<\/a><\/strong> i la <strong><a href=\"https:\/\/www.boe.es\/boe_catalan\/dias\/2020\/12\/30\/pdfs\/BOE-A-2020-17264-C.pdf\" target=\"_blank\" rel=\"noopener\">LOMLOE<\/a><\/strong>.<\/p>\n<p>L&#8217;avaluaci\u00f3 dels processos d&#8217;aprenentatge de l&#8217;alumnat en l&#8217;educaci\u00f3 b\u00e0sica (educaci\u00f3 prim\u00e0ria i secund\u00e0ria)\u00a0 \u00e9s un component essencial de l&#8217;aprenentatge de cada nen, nena, noi i noia. Cal promoure la implicaci\u00f3 i la participaci\u00f3 de l&#8217;alumnat de forma activa en el seu proc\u00e9s d&#8217;aprenentatge i en el seu desenvolupament personal i social.<\/p>\n<p>Aquesta avaluaci\u00f3 ha de ser global, cont\u00ednua i formativa i ha de tenir en compte el proc\u00e9s de desenvolupament i el grau d&#8217;assoliment de les compet\u00e8ncies, el progr\u00e9s en el conjunt dels processos d&#8217;aprenentatge i la variabilitat de l&#8217;aprenentatge de l&#8217;alumnat.<\/p>\n<p>L\u2019avaluaci\u00f3 ha de permetre que, tant els i les docents com els i les alumnes, puguin identificar els aven\u00e7os, per\u00f2 sobretot les dificultats i els errors que sorgeixen al llarg del proc\u00e9s educatiu i prendre les decisions oportunes per assolir les compet\u00e8ncies.<\/p>\n<p>L&#8217;alumnat i la seva fam\u00edlia, junt l\u2019equip docent, formen part del proc\u00e9s de prendre aquestes decisions.Tenint en compte que les fam\u00edlies s\u00f3n les primeres responsables de l&#8217;educaci\u00f3 dels fills i filles i que han de poder acompanyar-los en el proc\u00e9s escolar, els centres educatius\u00a0 han de facilitar aquest acompanyament, tot impulsant l&#8217;acci\u00f3 tutorial compartida entre l&#8217;escola i la fam\u00edlia per tal de portar a terme una acci\u00f3 educativa coherent i coordinada.<\/p>\n<p><a href=\"https:\/\/agora.xtec.cat\/ceiplajota\/wp-content\/uploads\/usu1571\/2024\/01\/mans-unides.png\"><img loading=\"lazy\" decoding=\"async\" class=\"aligncenter wp-image-5974\" src=\"https:\/\/agora.xtec.cat\/ceiplajota\/wp-content\/uploads\/usu1571\/2024\/01\/mans-unides.png\" alt=\"\" width=\"251\" height=\"188\" srcset=\"https:\/\/agora.xtec.cat\/ceiplajota\/wp-content\/uploads\/usu1571\/2024\/01\/mans-unides.png 266w, https:\/\/agora.xtec.cat\/ceiplajota\/wp-content\/uploads\/usu1571\/2024\/01\/mans-unides-200x150.png 200w\" sizes=\"auto, (max-width: 251px) 100vw, 251px\" \/><\/a><\/p>\n<p>Segons ens marca el <a href=\"https:\/\/projectes.xtec.cat\/nou-curriculum\/educacio-basica\/decret-educacio-basica\/\" target=\"_blank\" rel=\"noopener\"><strong>DECRET 175\/2022, de 27 de setembre, d&#8217;ordenaci\u00f3 dels ensenyaments de l&#8217;educaci\u00f3 b\u00e0sica<\/strong><\/a>, per tal que l&#8217;equip docent pugui valorar els aprenentatges de cada alumne o alumna, aix\u00ed com el desenvolupament del proc\u00e9s d&#8217;ensenyament i aprenentatge en el grup classe, cal fer una sessi\u00f3 d&#8217;avaluaci\u00f3 cada trimestre com a m\u00ednim. La sessi\u00f3 d&#8217;avaluaci\u00f3 del tercer trimestre pot coincidir amb l&#8217;avaluaci\u00f3 final del curs. Al nostre centre fem les sessions d\u2019avaluaci\u00f3 seg\u00fcents:<\/p>\n<ul>\n<li>A l\u2019octubre l\u2019avaluaci\u00f3 zero a la ESO.<\/li>\n<li>Abans del final del primer, segon i tercer trimestre la primera, segona i tercera avaluaci\u00f3 a ed. infantil, prim\u00e0ria i secund\u00e0ria.<\/li>\n<li>Al final de cada curs es fa l\u2019avaluaci\u00f3 final, que fem coincidir amb la tercera avaluaci\u00f3 a educaci\u00f3 infantil i prim\u00e0ria per\u00f2 no a secund\u00e0ria.<\/li>\n<\/ul>\n<p>Aquest mateix decret ens diu que per tal de facilitar la participaci\u00f3 de les fam\u00edlies en el proc\u00e9s educatiu dels seus fills i filles, el centre ha d&#8217;informar el pare, mare o tutor o tutora legal de l&#8217;alumne o alumna de la seva evoluci\u00f3 escolar despr\u00e9s de cada sessi\u00f3 d&#8217;avaluaci\u00f3 per mitj\u00e0 d&#8217;informes qualitatius escrits, entrevistes individuals, reunions col\u00b7lectives i altres mitjans que consideri oportuns.<\/p>\n<p>L\u2019equip docent de l\u2019<strong>Institut Escola de Badia<\/strong>, com ja sabeu, <strong>creiem molt en la participaci\u00f3 de les fam\u00edlies i sabem que el proc\u00e9s d&#8217;aprenentatge \u00e9s compartit entre l\u2019escola, casa i el mateix individu, l\u2019infant o l\u2019adolescent.\u00a0<\/strong><\/p>\n<p>Per aquest motiu, aquest curs 2023-24 hem modificat el sistema d\u2019informes del centre i els hem adaptat al que el Nou Curr\u00edculum i al que la\u00a0 LOMLOE ens demana.<\/p>\n<p><a href=\"https:\/\/agora.xtec.cat\/ceiplajota\/wp-content\/uploads\/usu1571\/2024\/01\/Peces-2.png\"><img loading=\"lazy\" decoding=\"async\" class=\"aligncenter wp-image-5975\" src=\"https:\/\/agora.xtec.cat\/ceiplajota\/wp-content\/uploads\/usu1571\/2024\/01\/Peces-2.png\" alt=\"\" width=\"305\" height=\"236\" srcset=\"https:\/\/agora.xtec.cat\/ceiplajota\/wp-content\/uploads\/usu1571\/2024\/01\/Peces-2.png 441w, https:\/\/agora.xtec.cat\/ceiplajota\/wp-content\/uploads\/usu1571\/2024\/01\/Peces-2-300x232.png 300w\" sizes=\"auto, (max-width: 305px) 100vw, 305px\" \/><\/a><\/p>\n<p><strong>Les fam\u00edlies d\u2019Educaci\u00f3 Infantil<\/strong> rebreu un primer informe amb un model molt nou, proper, personalitzat i molt ric d\u2019informaci\u00f3 a finals de gener o principis de febrer; al febrer i\u00a0 mar\u00e7 es faran entrevistes personals per comentar aquests informes i treballar aquelles recomanacions que des de les tutores es troben necess\u00e0ries. A final de curs hi haur\u00e0 un segon informe, nou tamb\u00e9, recollint l\u2019evoluci\u00f3 de cada nen i nena al llarg del curs.<\/p>\n<p><strong>Les fam\u00edlies d&#8217;Educaci\u00f3 Prim\u00e0ria<\/strong> han rebut un nou model d\u2019informe al final del primer trimestre, el 19 de desembre. Ara, al febrer, tutors\/es faran una entrevista personalitzada per comentar aquest informe i junt amb l\u2019alumne\/a es far\u00e0 una potent tasca d\u2019autoavaluaci\u00f3, recull de punts forts i punts fluixos, recomanacions i acords de treball. Al juny rebreu el segon informe recollint l\u2019avaluaci\u00f3 des del febrer fins a final de curs.<\/p>\n<p><strong>Les fam\u00edlies d\u2019Educaci\u00f3 Secund\u00e0ria<\/strong> heu rebut ja dos informes; el primer de l\u2019avaluaci\u00f3 zero que va ajudar molt per informar de com anava el vostre fill o filla fins a l\u2019octubre i amb aquest informe i les entrevistes amb els tutors de seguiment, poder ajudar als nois i noies en l\u2019evoluci\u00f3 del seu proc\u00e9s d\u2019aprenentatge. Al desembre heu rebut l\u2019informe del primer trimestre; al mar\u00e7 i al juny rebreu els altres informes. Al llarg del curs, el tutor o tutora de seguiment del vostre fill o filla us va citant per anar fent el seguiment conjuntament. Al llarg del curs, els nois i noies de secund\u00e0ria van realitzant un seguit d\u2019autoavaluacions, primordials per prendre consci\u00e8ncia de qu\u00e8 i com aprenen i de qu\u00e8 i com poden anar avan\u00e7ant.<\/p>\n<p><strong>Quina \u00e9s la finalitat dels informes i entrevistes per l\u2019equip docent de l\u2019Institut Escola de Badia?<\/strong> \u00a0La finalitat ha de ser doble; per una banda ajudar l\u2019infant i la fam\u00edlia a anar coneixent millor les pr\u00f2pies possibilitats i necessitats i, per l\u2019altra banda, motivar, animar a l\u2019alumnat a progressar, a millorar, a aprendre.<\/p>\n<p>Quan l\u2019equip docent del centre fem una valoraci\u00f3 de l\u2019evoluci\u00f3 de l\u2019infant o adolescent, fem \u00e8mfasi en els seus punts forts, tot els alumnes en tenen. Volem valorar la capacitat d&#8217;aprenentatge potencial de cada l&#8217;alumne\/a i explicar les dificultats que es troba, acompanyant-les de propostes de millora i explicant les mesures i suports que es proposen des del centre educatiu i aquelles en qu\u00e8 la fam\u00edlia pot col\u00b7laborar.<\/p>\n<p><span style=\"color: #0000ff;\"><strong>FEM ENTRE TOTES I TOTS DE L&#8217;AVALUACI\u00d3 UNA PART DE L&#8217;APRENENTATGE. Particepem, col\u00b7laborem, ajudem als nostres nens, nenes, nois i noies.\u00a0<\/strong><\/span><\/p>\n<p><a href=\"https:\/\/agora.xtec.cat\/ceiplajota\/wp-content\/uploads\/usu1571\/2024\/01\/Compromis-2.png\"><img loading=\"lazy\" decoding=\"async\" class=\"aligncenter size-full wp-image-5979\" src=\"https:\/\/agora.xtec.cat\/ceiplajota\/wp-content\/uploads\/usu1571\/2024\/01\/Compromis-2.png\" alt=\"\" width=\"512\" height=\"143\" srcset=\"https:\/\/agora.xtec.cat\/ceiplajota\/wp-content\/uploads\/usu1571\/2024\/01\/Compromis-2.png 512w, https:\/\/agora.xtec.cat\/ceiplajota\/wp-content\/uploads\/usu1571\/2024\/01\/Compromis-2-300x84.png 300w\" sizes=\"auto, (max-width: 512px) 100vw, 512px\" \/><\/a><\/p>\n<p>&nbsp;<\/p>\n","protected":false},"excerpt":{"rendered":"<p>Avui parlem de l\u2019avaluaci\u00f3, un aspecte que aquest curs estem treballant a nivell d\u2019equip docent de l&#8217;Institut Escola de Badia segons la novetat del <a href=\"https:\/\/projectes.xtec.cat\/nou-curriculum\/\" target=\"_blank\" rel=\"noopener\">Nou Curr\u00edculum<\/a> i la <a href=\"https:\/\/www.boe.es\/boe_catalan\/dias\/2020\/12\/30\/pdfs\/BOE-A-2020-17264-C.pdf\" target=\"_blank\" rel=\"noopener\">LOMLOE<\/a>.<br \/>\nL&#8217;avaluaci\u00f3 dels processos d&#8217;aprenentatge de l&#8217;alumnat en l&#8217;educaci\u00f3 b\u00e0sica (educaci\u00f3 prim\u00e0ria&hellip;  <a href=\"https:\/\/agora.xtec.cat\/ceiplajota\/general\/lavaluacio-i-la-lomloe\/\" title=\"Read L&#8217;avaluaci\u00f3 i la LOMLOE\">Llegeix m\u00e9s\u00bb<\/a><\/p>\n","protected":false},"author":1,"featured_media":5978,"comment_status":"open","ping_status":"closed","sticky":false,"template":"","format":"standard","meta":{"_bbp_topic_count":0,"_bbp_reply_count":0,"_bbp_total_topic_count":0,"_bbp_total_reply_count":0,"_bbp_voice_count":0,"_bbp_anonymous_reply_count":0,"_bbp_topic_count_hidden":0,"_bbp_reply_count_hidden":0,"_bbp_forum_subforum_count":0,"footnotes":""},"categories":[1],"tags":[],"class_list":["post-5971","post","type-post","status-publish","format-standard","has-post-thumbnail","hentry","category-general"],"post_mailing_queue_ids":[],"_links":{"self":[{"href":"https:\/\/agora.xtec.cat\/ceiplajota\/wp-json\/wp\/v2\/posts\/5971","targetHints":{"allow":["GET"]}}],"collection":[{"href":"https:\/\/agora.xtec.cat\/ceiplajota\/wp-json\/wp\/v2\/posts"}],"about":[{"href":"https:\/\/agora.xtec.cat\/ceiplajota\/wp-json\/wp\/v2\/types\/post"}],"author":[{"embeddable":true,"href":"https:\/\/agora.xtec.cat\/ceiplajota\/wp-json\/wp\/v2\/users\/1"}],"replies":[{"embeddable":true,"href":"https:\/\/agora.xtec.cat\/ceiplajota\/wp-json\/wp\/v2\/comments?post=5971"}],"version-history":[{"count":4,"href":"https:\/\/agora.xtec.cat\/ceiplajota\/wp-json\/wp\/v2\/posts\/5971\/revisions"}],"predecessor-version":[{"id":5980,"href":"https:\/\/agora.xtec.cat\/ceiplajota\/wp-json\/wp\/v2\/posts\/5971\/revisions\/5980"}],"wp:featuredmedia":[{"embeddable":true,"href":"https:\/\/agora.xtec.cat\/ceiplajota\/wp-json\/wp\/v2\/media\/5978"}],"wp:attachment":[{"href":"https:\/\/agora.xtec.cat\/ceiplajota\/wp-json\/wp\/v2\/media?parent=5971"}],"wp:term":[{"taxonomy":"category","embeddable":true,"href":"https:\/\/agora.xtec.cat\/ceiplajota\/wp-json\/wp\/v2\/categories?post=5971"},{"taxonomy":"post_tag","embeddable":true,"href":"https:\/\/agora.xtec.cat\/ceiplajota\/wp-json\/wp\/v2\/tags?post=5971"}],"curies":[{"name":"wp","href":"https:\/\/api.w.org\/{rel}","templated":true}]}}