{"id":5929,"date":"2023-12-11T18:20:12","date_gmt":"2023-12-11T17:20:12","guid":{"rendered":"https:\/\/agora.xtec.cat\/ceiplajota\/?p=5929"},"modified":"2023-12-12T11:11:17","modified_gmt":"2023-12-12T10:11:17","slug":"noves-finestres-a-ledifici-de-secundaria","status":"publish","type":"post","link":"https:\/\/agora.xtec.cat\/ceiplajota\/general\/noves-finestres-a-ledifici-de-secundaria\/","title":{"rendered":"Noves finestres a l&#8217;Edifici de Secund\u00e0ria"},"content":{"rendered":"<p><a href=\"https:\/\/agora.xtec.cat\/ceiplajota\/wp-content\/uploads\/usu1571\/2023\/12\/logos-canvi-finestres.png\"><img loading=\"lazy\" decoding=\"async\" class=\"aligncenter size-full wp-image-5927\" src=\"https:\/\/agora.xtec.cat\/ceiplajota\/wp-content\/uploads\/usu1571\/2023\/12\/logos-canvi-finestres.png\" alt=\"\" width=\"508\" height=\"109\" srcset=\"https:\/\/agora.xtec.cat\/ceiplajota\/wp-content\/uploads\/usu1571\/2023\/12\/logos-canvi-finestres.png 508w, https:\/\/agora.xtec.cat\/ceiplajota\/wp-content\/uploads\/usu1571\/2023\/12\/logos-canvi-finestres-300x64.png 300w\" sizes=\"auto, (max-width: 508px) 100vw, 508px\" \/><\/a>Durant el mes de gener del 2024 comen\u00e7aran les obres de substituci\u00f3 de fusteries i proteccions solars per a la millora energ\u00e8tica a l&#8217;Edifici de Secund\u00e0ria de l&#8217;Institut Escola de Badia ( abans La Sardana).\u00a0 Tindran una durada aproximada de quatre mesos i consistiran en la retirada de les fusteries i persianes existents per unes noves fusteries amb trencament de pont t\u00e8rmic.<\/p>\n<p>Aquestes obres estan incloses al <strong>Pla Director d&#8217;Infraestructures Educatives<\/strong>, que cont\u00e9 la planificaci\u00f3 de les actuacions de construcci\u00f3 de nous centres i ampliacions per\u00f2 tamb\u00e9 les obres de rehabilitaci\u00f3, adequaci\u00f3 i millora. Concretament, les obres d&#8217;aquest centre persegueixen millorar l&#8217;efici\u00e8ncia energ\u00e8tica i augmentar la confortabilitat de les instal\u00b7lacions.<\/p>\n<p>Aquestes obres s\u00f3n finan\u00e7ades pel <strong>Fons Europeu de Desenvolupament Regional de la Uni\u00f3 Europea (FEDER)<\/strong>, concretament dins del recurs REACT\u2013UE, com a part de la resposta de la Uni\u00f3 a la pand\u00e8mia de COVID-19, i en compliment de l&#8217;objectiu espec\u00edfic de donar resposta a les necessitats d&#8217;escolaritzaci\u00f3 dels ensenyaments obligatoris o universals en el marc del dret a l&#8217;educaci\u00f3.<\/p>\n<p>Podeu trobar m\u00e9s informaci\u00f3 sobre la programaci\u00f3 de totes les obres en infraestructures escolars finan\u00e7ades amb Fons REACT-UE en aquest <a href=\"https:\/\/educacio.gencat.cat\/ca\/departament\/fons-europeus\/feder\/programa-operatiu-14-20\/comunicacio\/infraestructura-escolar\/\" target=\"_blank\" rel=\"noopener\">enlla\u00e7<\/a>.<\/p>\n","protected":false},"excerpt":{"rendered":"<p><a href=\"https:\/\/agora.xtec.cat\/ceiplajota\/wp-content\/uploads\/usu1571\/2023\/12\/logos-canvi-finestres.png\"><\/a>Durant el mes de gener del 2024 comen\u00e7aran les obres de substituci\u00f3 de fusteries i proteccions solars per a la millora energ\u00e8tica a l&#8217;Edifici de Secund\u00e0ria de l&#8217;Institut Escola de Badia ( abans La Sardana).\u00a0 Tindran una durada aproximada de quatre mesos i consistiran&hellip;  <a href=\"https:\/\/agora.xtec.cat\/ceiplajota\/general\/noves-finestres-a-ledifici-de-secundaria\/\" title=\"Read Noves finestres a l&#8217;Edifici de Secund\u00e0ria\">Llegeix m\u00e9s\u00bb<\/a><\/p>\n","protected":false},"author":1,"featured_media":5931,"comment_status":"open","ping_status":"closed","sticky":false,"template":"","format":"standard","meta":{"_bbp_topic_count":0,"_bbp_reply_count":0,"_bbp_total_topic_count":0,"_bbp_total_reply_count":0,"_bbp_voice_count":0,"_bbp_anonymous_reply_count":0,"_bbp_topic_count_hidden":0,"_bbp_reply_count_hidden":0,"_bbp_forum_subforum_count":0,"footnotes":""},"categories":[1],"tags":[],"class_list":["post-5929","post","type-post","status-publish","format-standard","has-post-thumbnail","hentry","category-general"],"post_mailing_queue_ids":[],"_links":{"self":[{"href":"https:\/\/agora.xtec.cat\/ceiplajota\/wp-json\/wp\/v2\/posts\/5929","targetHints":{"allow":["GET"]}}],"collection":[{"href":"https:\/\/agora.xtec.cat\/ceiplajota\/wp-json\/wp\/v2\/posts"}],"about":[{"href":"https:\/\/agora.xtec.cat\/ceiplajota\/wp-json\/wp\/v2\/types\/post"}],"author":[{"embeddable":true,"href":"https:\/\/agora.xtec.cat\/ceiplajota\/wp-json\/wp\/v2\/users\/1"}],"replies":[{"embeddable":true,"href":"https:\/\/agora.xtec.cat\/ceiplajota\/wp-json\/wp\/v2\/comments?post=5929"}],"version-history":[{"count":2,"href":"https:\/\/agora.xtec.cat\/ceiplajota\/wp-json\/wp\/v2\/posts\/5929\/revisions"}],"predecessor-version":[{"id":5932,"href":"https:\/\/agora.xtec.cat\/ceiplajota\/wp-json\/wp\/v2\/posts\/5929\/revisions\/5932"}],"wp:featuredmedia":[{"embeddable":true,"href":"https:\/\/agora.xtec.cat\/ceiplajota\/wp-json\/wp\/v2\/media\/5931"}],"wp:attachment":[{"href":"https:\/\/agora.xtec.cat\/ceiplajota\/wp-json\/wp\/v2\/media?parent=5929"}],"wp:term":[{"taxonomy":"category","embeddable":true,"href":"https:\/\/agora.xtec.cat\/ceiplajota\/wp-json\/wp\/v2\/categories?post=5929"},{"taxonomy":"post_tag","embeddable":true,"href":"https:\/\/agora.xtec.cat\/ceiplajota\/wp-json\/wp\/v2\/tags?post=5929"}],"curies":[{"name":"wp","href":"https:\/\/api.w.org\/{rel}","templated":true}]}}