{"id":5898,"date":"2023-11-29T19:38:26","date_gmt":"2023-11-29T18:38:26","guid":{"rendered":"https:\/\/agora.xtec.cat\/ceiplajota\/?p=5898"},"modified":"2023-11-29T19:46:51","modified_gmt":"2023-11-29T18:46:51","slug":"cicle-mitja-setmana-europea-de-prevencio-de-residus","status":"publish","type":"post","link":"https:\/\/agora.xtec.cat\/ceiplajota\/general\/cicle-mitja-setmana-europea-de-prevencio-de-residus\/","title":{"rendered":"Cicle Mitj\u00e0 &#8211; SETMANA EUROPEA DE LA PREVENCI\u00d3 DE RESIDUS"},"content":{"rendered":"<p>Bon dia fam\u00edlies,<\/p>\n<p>Durant aquesta setmana el nostre institut escola ha treballat la prevenci\u00f3 de residus amb l&#8217;objectiu de fomentar la sensibilitzaci\u00f3 de tots els nostres alumnes envers aquest tema.<\/p>\n<p>A cicle mitj\u00e0 hem demanat ampolles i garrafes d&#8217;aigua per fer testos amb plantes i aix\u00ed reciclar material i a m\u00e9s guarnir els nostres espais. Els nens i nenes han pintar i decorat i el pas seg\u00fcent \u00e9s plantar llavors, plantes o flors.<\/p>\n<p>S&#8217;ha gaudit en el proc\u00e9s creatiu i alhora tamb\u00e9 s&#8217;ha ent\u00e8s la import\u00e0ncia de reciclar, de reduir residus i posar el nostre petit gra de sorra en la cura del nostre entorn.<\/p>\n<p>Feu clic aqu\u00ed per veure algunes fotografies d&#8217;aquesta activitat \u00a0\ud83d\udc47\ud83d\udc47\ud83d\udc47\ud83d\udc47\ud83d\udc47<\/p>\n<h1><span style=\"color: #008000\"><a style=\"color: #008000\" href=\"https:\/\/photos.app.goo.gl\/p9rFNcFxitiA9Bd26\"><strong>SETMANA<\/strong> <strong>DEL<\/strong> <strong>RECICLATGE<\/strong><\/a><\/span><\/h1>\n<p>&nbsp;<\/p>\n","protected":false},"excerpt":{"rendered":"<p>Bon dia fam\u00edlies,<br \/>\nDurant aquesta setmana el nostre institut escola ha treballat la prevenci\u00f3 de residus amb l&#8217;objectiu de fomentar la sensibilitzaci\u00f3 de tots els nostres alumnes envers aquest tema.<br \/>\nA cicle mitj\u00e0 hem demanat ampolles i garrafes d&#8217;aigua per fer testos amb plantes i aix\u00ed reciclar&hellip;  <a href=\"https:\/\/agora.xtec.cat\/ceiplajota\/general\/cicle-mitja-setmana-europea-de-prevencio-de-residus\/\" title=\"Read Cicle Mitj\u00e0 &#8211; SETMANA EUROPEA DE LA PREVENCI\u00d3 DE RESIDUS\">Llegeix m\u00e9s\u00bb<\/a><\/p>\n","protected":false},"author":22,"featured_media":5899,"comment_status":"open","ping_status":"closed","sticky":false,"template":"","format":"standard","meta":{"_bbp_topic_count":0,"_bbp_reply_count":0,"_bbp_total_topic_count":0,"_bbp_total_reply_count":0,"_bbp_voice_count":0,"_bbp_anonymous_reply_count":0,"_bbp_topic_count_hidden":0,"_bbp_reply_count_hidden":0,"_bbp_forum_subforum_count":0,"footnotes":""},"categories":[12,13,1],"tags":[],"class_list":["post-5898","post","type-post","status-publish","format-standard","has-post-thumbnail","hentry","category-3r","category-4t","category-general"],"post_mailing_queue_ids":[],"_links":{"self":[{"href":"https:\/\/agora.xtec.cat\/ceiplajota\/wp-json\/wp\/v2\/posts\/5898","targetHints":{"allow":["GET"]}}],"collection":[{"href":"https:\/\/agora.xtec.cat\/ceiplajota\/wp-json\/wp\/v2\/posts"}],"about":[{"href":"https:\/\/agora.xtec.cat\/ceiplajota\/wp-json\/wp\/v2\/types\/post"}],"author":[{"embeddable":true,"href":"https:\/\/agora.xtec.cat\/ceiplajota\/wp-json\/wp\/v2\/users\/22"}],"replies":[{"embeddable":true,"href":"https:\/\/agora.xtec.cat\/ceiplajota\/wp-json\/wp\/v2\/comments?post=5898"}],"version-history":[{"count":6,"href":"https:\/\/agora.xtec.cat\/ceiplajota\/wp-json\/wp\/v2\/posts\/5898\/revisions"}],"predecessor-version":[{"id":5907,"href":"https:\/\/agora.xtec.cat\/ceiplajota\/wp-json\/wp\/v2\/posts\/5898\/revisions\/5907"}],"wp:featuredmedia":[{"embeddable":true,"href":"https:\/\/agora.xtec.cat\/ceiplajota\/wp-json\/wp\/v2\/media\/5899"}],"wp:attachment":[{"href":"https:\/\/agora.xtec.cat\/ceiplajota\/wp-json\/wp\/v2\/media?parent=5898"}],"wp:term":[{"taxonomy":"category","embeddable":true,"href":"https:\/\/agora.xtec.cat\/ceiplajota\/wp-json\/wp\/v2\/categories?post=5898"},{"taxonomy":"post_tag","embeddable":true,"href":"https:\/\/agora.xtec.cat\/ceiplajota\/wp-json\/wp\/v2\/tags?post=5898"}],"curies":[{"name":"wp","href":"https:\/\/api.w.org\/{rel}","templated":true}]}}