{"id":5880,"date":"2023-11-20T10:52:07","date_gmt":"2023-11-20T09:52:07","guid":{"rendered":"https:\/\/agora.xtec.cat\/ceiplajota\/?p=5880"},"modified":"2023-11-23T08:54:36","modified_gmt":"2023-11-23T07:54:36","slug":"festa-de-la-musica-23-24","status":"publish","type":"post","link":"https:\/\/agora.xtec.cat\/ceiplajota\/general\/festa-de-la-musica-23-24\/","title":{"rendered":"FESTA DE LA M\u00daSICA 23-24"},"content":{"rendered":"<p>Dilluns 20 i dimarts 21 de novembre celebrem la <strong><span style=\"color: #ff00ff;\">Festa de la M\u00fasica<\/span><\/strong> a l&#8217;<strong><span style=\"color: #0000ff;\">Institut Escola de Badia<\/span><\/strong>.<\/p>\n<p>Aquest curs tenim <strong><span style=\"color: #ff6600;\">BATUCADA<\/span><\/strong> per a tothom, grans, mitjans i petits. De ben segur que surt molt b\u00e9. L&#8217;activitat \u00e9s un taller perqu\u00e8 entre tots els components del grup surti una FORTA BATUCADA!!!<\/p>\n<p><a href=\"https:\/\/photos.app.goo.gl\/7CvNLtL3YFRPVUsn8\" target=\"_blank\" rel=\"noopener\">Mireu-ne les fotografies.\u00a0<\/a><\/p>\n<p><a href=\"https:\/\/photos.app.goo.gl\/CHG7UExwFQYjC3Ar6\">FOTOS CICLE SUPERIOR<\/a><\/p>\n","protected":false},"excerpt":{"rendered":"<p>Dilluns 20 i dimarts 21 de novembre celebrem la Festa de la M\u00fasica a l&#8217;Institut Escola de Badia.<br \/>\nAquest curs tenim BATUCADA per a tothom, grans, mitjans i petits. De ben segur que surt molt b\u00e9. L&#8217;activitat \u00e9s un taller perqu\u00e8 entre tots els components del&hellip;  <a href=\"https:\/\/agora.xtec.cat\/ceiplajota\/general\/festa-de-la-musica-23-24\/\" title=\"Read FESTA DE LA M\u00daSICA 23-24\">Llegeix m\u00e9s\u00bb<\/a><\/p>\n","protected":false},"author":1,"featured_media":5883,"comment_status":"open","ping_status":"closed","sticky":false,"template":"","format":"standard","meta":{"_bbp_topic_count":0,"_bbp_reply_count":0,"_bbp_total_topic_count":0,"_bbp_total_reply_count":0,"_bbp_voice_count":0,"_bbp_anonymous_reply_count":0,"_bbp_topic_count_hidden":0,"_bbp_reply_count_hidden":0,"_bbp_forum_subforum_count":0,"footnotes":""},"categories":[1],"tags":[],"class_list":["post-5880","post","type-post","status-publish","format-standard","has-post-thumbnail","hentry","category-general"],"post_mailing_queue_ids":[],"_links":{"self":[{"href":"https:\/\/agora.xtec.cat\/ceiplajota\/wp-json\/wp\/v2\/posts\/5880","targetHints":{"allow":["GET"]}}],"collection":[{"href":"https:\/\/agora.xtec.cat\/ceiplajota\/wp-json\/wp\/v2\/posts"}],"about":[{"href":"https:\/\/agora.xtec.cat\/ceiplajota\/wp-json\/wp\/v2\/types\/post"}],"author":[{"embeddable":true,"href":"https:\/\/agora.xtec.cat\/ceiplajota\/wp-json\/wp\/v2\/users\/1"}],"replies":[{"embeddable":true,"href":"https:\/\/agora.xtec.cat\/ceiplajota\/wp-json\/wp\/v2\/comments?post=5880"}],"version-history":[{"count":2,"href":"https:\/\/agora.xtec.cat\/ceiplajota\/wp-json\/wp\/v2\/posts\/5880\/revisions"}],"predecessor-version":[{"id":5884,"href":"https:\/\/agora.xtec.cat\/ceiplajota\/wp-json\/wp\/v2\/posts\/5880\/revisions\/5884"}],"wp:featuredmedia":[{"embeddable":true,"href":"https:\/\/agora.xtec.cat\/ceiplajota\/wp-json\/wp\/v2\/media\/5883"}],"wp:attachment":[{"href":"https:\/\/agora.xtec.cat\/ceiplajota\/wp-json\/wp\/v2\/media?parent=5880"}],"wp:term":[{"taxonomy":"category","embeddable":true,"href":"https:\/\/agora.xtec.cat\/ceiplajota\/wp-json\/wp\/v2\/categories?post=5880"},{"taxonomy":"post_tag","embeddable":true,"href":"https:\/\/agora.xtec.cat\/ceiplajota\/wp-json\/wp\/v2\/tags?post=5880"}],"curies":[{"name":"wp","href":"https:\/\/api.w.org\/{rel}","templated":true}]}}