{"id":5866,"date":"2023-11-20T00:00:41","date_gmt":"2023-11-19T23:00:41","guid":{"rendered":"https:\/\/agora.xtec.cat\/ceiplajota\/?p=5866"},"modified":"2023-11-20T00:08:31","modified_gmt":"2023-11-19T23:08:31","slug":"5e-surt-a-coneixer-el-riu-ripoll","status":"publish","type":"post","link":"https:\/\/agora.xtec.cat\/ceiplajota\/general\/5e-surt-a-coneixer-el-riu-ripoll\/","title":{"rendered":"5\u00e8 surt a con\u00e8ixer el Riu Ripoll"},"content":{"rendered":"<p><a href=\"https:\/\/agora.xtec.cat\/ceiplajota\/wp-content\/uploads\/usu1571\/2023\/11\/20231114_110712-min-scaled.jpg\"><img loading=\"lazy\" decoding=\"async\" class=\"wp-image-5870 alignleft\" src=\"https:\/\/agora.xtec.cat\/ceiplajota\/wp-content\/uploads\/usu1571\/2023\/11\/20231114_110712-min-300x169.jpg\" alt=\"\" width=\"469\" height=\"264\" srcset=\"https:\/\/agora.xtec.cat\/ceiplajota\/wp-content\/uploads\/usu1571\/2023\/11\/20231114_110712-min-300x169.jpg 300w, https:\/\/agora.xtec.cat\/ceiplajota\/wp-content\/uploads\/usu1571\/2023\/11\/20231114_110712-min-1024x576.jpg 1024w, https:\/\/agora.xtec.cat\/ceiplajota\/wp-content\/uploads\/usu1571\/2023\/11\/20231114_110712-min-768x432.jpg 768w, https:\/\/agora.xtec.cat\/ceiplajota\/wp-content\/uploads\/usu1571\/2023\/11\/20231114_110712-min-1536x864.jpg 1536w, https:\/\/agora.xtec.cat\/ceiplajota\/wp-content\/uploads\/usu1571\/2023\/11\/20231114_110712-min-2048x1152.jpg 2048w\" sizes=\"auto, (max-width: 469px) 100vw, 469px\" \/><\/a>El 14 de novembre vam sortir del centre i vam anar a Barber\u00e0 del Vall\u00e8s a descobrir un entorn natural proper ple de vida i d&#8217;import\u00e0ncia des del punt de vista natural, social i hist\u00f2ric a la nostra comarca: El Riu Ripoll.\u00a0 El treball va consistir b\u00e0sicament en veure la riquesa natural d&#8217;aquest entorn, els usos que tradicionalment se li han donat al riu i l&#8217;aprofitament des del punt de vista curricular i familiar que en podem fer.\u00a0 La sortida va anar molt b\u00e9, tant b\u00e9 que l&#8217;alumnat va caminar 16&#8217;5 quil\u00f2metres amb una motivaci\u00f3 i un inter\u00e8s realment lloables.\u00a0 Els felicitem.<\/p>\n<h3><a href=\"https:\/\/photos.app.goo.gl\/x9zjRxBQVSXZe9pH8\" target=\"_blank\" rel=\"noopener\">Us deixem aqu\u00ed un recull de fotos d&#8217;aquesta sortida.<\/a><\/h3>\n","protected":false},"excerpt":{"rendered":"<p><a href=\"https:\/\/agora.xtec.cat\/ceiplajota\/wp-content\/uploads\/usu1571\/2023\/11\/20231114_110712-min-scaled.jpg\"><\/a>El 14 de novembre vam sortir del centre i vam anar a Barber\u00e0 del Vall\u00e8s a descobrir un entorn natural proper ple de vida i d&#8217;import\u00e0ncia des del punt de vista natural, social i hist\u00f2ric a la nostra comarca: El Riu Ripoll.\u00a0 El treball&hellip;  <a href=\"https:\/\/agora.xtec.cat\/ceiplajota\/general\/5e-surt-a-coneixer-el-riu-ripoll\/\" title=\"Read 5\u00e8 surt a con\u00e8ixer el Riu Ripoll\">Llegeix m\u00e9s\u00bb<\/a><\/p>\n","protected":false},"author":12,"featured_media":5869,"comment_status":"open","ping_status":"closed","sticky":false,"template":"","format":"standard","meta":{"_bbp_topic_count":0,"_bbp_reply_count":0,"_bbp_total_topic_count":0,"_bbp_total_reply_count":0,"_bbp_voice_count":0,"_bbp_anonymous_reply_count":0,"_bbp_topic_count_hidden":0,"_bbp_reply_count_hidden":0,"_bbp_forum_subforum_count":0,"footnotes":""},"categories":[14,1],"tags":[],"class_list":["post-5866","post","type-post","status-publish","format-standard","has-post-thumbnail","hentry","category-5e","category-general"],"post_mailing_queue_ids":[],"_links":{"self":[{"href":"https:\/\/agora.xtec.cat\/ceiplajota\/wp-json\/wp\/v2\/posts\/5866","targetHints":{"allow":["GET"]}}],"collection":[{"href":"https:\/\/agora.xtec.cat\/ceiplajota\/wp-json\/wp\/v2\/posts"}],"about":[{"href":"https:\/\/agora.xtec.cat\/ceiplajota\/wp-json\/wp\/v2\/types\/post"}],"author":[{"embeddable":true,"href":"https:\/\/agora.xtec.cat\/ceiplajota\/wp-json\/wp\/v2\/users\/12"}],"replies":[{"embeddable":true,"href":"https:\/\/agora.xtec.cat\/ceiplajota\/wp-json\/wp\/v2\/comments?post=5866"}],"version-history":[{"count":4,"href":"https:\/\/agora.xtec.cat\/ceiplajota\/wp-json\/wp\/v2\/posts\/5866\/revisions"}],"predecessor-version":[{"id":5873,"href":"https:\/\/agora.xtec.cat\/ceiplajota\/wp-json\/wp\/v2\/posts\/5866\/revisions\/5873"}],"wp:featuredmedia":[{"embeddable":true,"href":"https:\/\/agora.xtec.cat\/ceiplajota\/wp-json\/wp\/v2\/media\/5869"}],"wp:attachment":[{"href":"https:\/\/agora.xtec.cat\/ceiplajota\/wp-json\/wp\/v2\/media?parent=5866"}],"wp:term":[{"taxonomy":"category","embeddable":true,"href":"https:\/\/agora.xtec.cat\/ceiplajota\/wp-json\/wp\/v2\/categories?post=5866"},{"taxonomy":"post_tag","embeddable":true,"href":"https:\/\/agora.xtec.cat\/ceiplajota\/wp-json\/wp\/v2\/tags?post=5866"}],"curies":[{"name":"wp","href":"https:\/\/api.w.org\/{rel}","templated":true}]}}