{"id":5813,"date":"2023-11-01T23:25:37","date_gmt":"2023-11-01T22:25:37","guid":{"rendered":"https:\/\/agora.xtec.cat\/ceiplajota\/?p=5813"},"modified":"2023-11-12T20:52:24","modified_gmt":"2023-11-12T19:52:24","slug":"castanyada-2023","status":"publish","type":"post","link":"https:\/\/agora.xtec.cat\/ceiplajota\/general\/castanyada-2023\/","title":{"rendered":"CASTANYADA 2023"},"content":{"rendered":"<p><a href=\"https:\/\/agora.xtec.cat\/ceiplajota\/wp-content\/uploads\/usu1571\/2022\/10\/La-castanyada-imatge-1.png\"><img loading=\"lazy\" decoding=\"async\" class=\"aligncenter size-full wp-image-5046\" src=\"https:\/\/agora.xtec.cat\/ceiplajota\/wp-content\/uploads\/usu1571\/2022\/10\/La-castanyada-imatge-1.png\" alt=\"\" width=\"502\" height=\"89\" srcset=\"https:\/\/agora.xtec.cat\/ceiplajota\/wp-content\/uploads\/usu1571\/2022\/10\/La-castanyada-imatge-1.png 502w, https:\/\/agora.xtec.cat\/ceiplajota\/wp-content\/uploads\/usu1571\/2022\/10\/La-castanyada-imatge-1-300x53.png 300w\" sizes=\"auto, (max-width: 502px) 100vw, 502px\" \/><\/a><\/p>\n<p>El dimarts dia 31 d&#8217;octubre va arribar a l&#8217;Institut Escola de Badia <strong><span style=\"color: #993300;\">la senyora Castanyera<\/span><\/strong>, directa de les muntanyes on va anar a recollir les castanyes. L&#8217;<strong><span style=\"color: #000000;\">AMPA<\/span><\/strong> la va ajudar a coure-les i a repartir-les entre l&#8217;alumnat del centre. Aix\u00ed, al llarg del mat\u00ed, el pati del centre feia molta oloreta de castanyes torrades i tothom anava amb la seva paperina ben plena.<\/p>\n<p>Al llarg del dia es van ballar danses, es van cantar can\u00e7ons i es van fer manualitats per portar cap a casa.<\/p>\n<p>A la tarda, els nens i les nenes d&#8217;educaci\u00f3 infantil van venir disfressats de castanyera o de castanyer. Feien molta patxoca!!!\u00a0 L&#8217;alumnat de prim\u00e0ria i secund\u00e0ria van venir disfressats segons Halloween. Feien molta por, molta basarda!!!\u00a0 A les classes de cicle mitj\u00e0 , cicle superior i secund\u00e0ria van veure diferents curts de por.<\/p>\n<p>I per si no teniem for\u00e7a por amb les disfresses i els curts, l&#8217;AMPA va organitzar un t\u00fanel del terror per alumnes de cicle superior de prim\u00e0ria i secund\u00e0ria, per l&#8217;equip docent del centre, per les fam\u00edlies, &#8230; Si no hi vau entrar, no sabeu el que \u00e9s tenir poooor.<\/p>\n<p>Ep! I no us perdeu la mostra de castanyes, moniatos i carbasses disfressades i\u00a0 la mostra d&#8217;objectes terror\u00edfics fets a partir d&#8217;objectes quotidians.<\/p>\n<p>Aqu\u00ed teniu imatges del dia.<\/p>\n<p><a href=\"https:\/\/photos.app.goo.gl\/u3xfxjqmQjDdcwHU7\" target=\"_blank\" rel=\"noopener\">Educaci\u00f3 Infantil<\/a><\/p>\n<p><a href=\"https:\/\/photos.app.goo.gl\/Kx3jmxjkKUYJb3ie8\" target=\"_blank\" rel=\"noopener\">Cicle Inicial<\/a><\/p>\n<p><a href=\"https:\/\/photos.app.goo.gl\/ELz7SAE9jBjvTvr99\" target=\"_blank\" rel=\"noopener\">Cicle Mitj\u00e0<\/a><\/p>\n<p><a href=\"https:\/\/photos.app.goo.gl\/Znf1keVbEFGMwD216\" target=\"_blank\" rel=\"noopener\">Cicle Superior<\/a><\/p>\n<p>L&#8217;alumnat de 1r d&#8217;ESO en ha fet aquest v\u00eddeo. <a href=\"https:\/\/drive.google.com\/file\/d\/1wJ-r4aJOcO5EAmVV1SfH7RuM9RZbxtQJ\/view?usp=drive_web\" target=\"_blank\" rel=\"noopener\">Us agradar\u00e0 molt\u00a0<\/a><\/p>\n<p style=\"text-align: center;\"><strong><span style=\"color: #800000;\">FELI\u00c7 CASTANYADA 2023.<\/span><\/strong><\/p>\n<p><a href=\"https:\/\/agora.xtec.cat\/ceiplajota\/wp-content\/uploads\/usu1571\/2023\/11\/Castanyera.png\"><img loading=\"lazy\" decoding=\"async\" class=\"aligncenter size-full wp-image-5815\" src=\"https:\/\/agora.xtec.cat\/ceiplajota\/wp-content\/uploads\/usu1571\/2023\/11\/Castanyera.png\" alt=\"\" width=\"377\" height=\"485\" srcset=\"https:\/\/agora.xtec.cat\/ceiplajota\/wp-content\/uploads\/usu1571\/2023\/11\/Castanyera.png 377w, https:\/\/agora.xtec.cat\/ceiplajota\/wp-content\/uploads\/usu1571\/2023\/11\/Castanyera-233x300.png 233w\" sizes=\"auto, (max-width: 377px) 100vw, 377px\" \/><\/a><\/p>\n","protected":false},"excerpt":{"rendered":"<p><a href=\"https:\/\/agora.xtec.cat\/ceiplajota\/wp-content\/uploads\/usu1571\/2022\/10\/La-castanyada-imatge-1.png\"><\/a><br \/>\nEl dimarts dia 31 d&#8217;octubre va arribar a l&#8217;Institut Escola de Badia la senyora Castanyera, directa de les muntanyes on va anar a recollir les castanyes. L&#8217;AMPA la va ajudar a coure-les i a repartir-les entre l&#8217;alumnat del centre. Aix\u00ed, al llarg del mat\u00ed,&hellip;  <a href=\"https:\/\/agora.xtec.cat\/ceiplajota\/general\/castanyada-2023\/\" title=\"Read CASTANYADA 2023\">Llegeix m\u00e9s\u00bb<\/a><\/p>\n","protected":false},"author":1,"featured_media":5821,"comment_status":"open","ping_status":"closed","sticky":false,"template":"","format":"standard","meta":{"_bbp_topic_count":0,"_bbp_reply_count":0,"_bbp_total_topic_count":0,"_bbp_total_reply_count":0,"_bbp_voice_count":0,"_bbp_anonymous_reply_count":0,"_bbp_topic_count_hidden":0,"_bbp_reply_count_hidden":0,"_bbp_forum_subforum_count":0,"footnotes":""},"categories":[1],"tags":[],"class_list":["post-5813","post","type-post","status-publish","format-standard","has-post-thumbnail","hentry","category-general"],"post_mailing_queue_ids":[],"_links":{"self":[{"href":"https:\/\/agora.xtec.cat\/ceiplajota\/wp-json\/wp\/v2\/posts\/5813","targetHints":{"allow":["GET"]}}],"collection":[{"href":"https:\/\/agora.xtec.cat\/ceiplajota\/wp-json\/wp\/v2\/posts"}],"about":[{"href":"https:\/\/agora.xtec.cat\/ceiplajota\/wp-json\/wp\/v2\/types\/post"}],"author":[{"embeddable":true,"href":"https:\/\/agora.xtec.cat\/ceiplajota\/wp-json\/wp\/v2\/users\/1"}],"replies":[{"embeddable":true,"href":"https:\/\/agora.xtec.cat\/ceiplajota\/wp-json\/wp\/v2\/comments?post=5813"}],"version-history":[{"count":4,"href":"https:\/\/agora.xtec.cat\/ceiplajota\/wp-json\/wp\/v2\/posts\/5813\/revisions"}],"predecessor-version":[{"id":5825,"href":"https:\/\/agora.xtec.cat\/ceiplajota\/wp-json\/wp\/v2\/posts\/5813\/revisions\/5825"}],"wp:featuredmedia":[{"embeddable":true,"href":"https:\/\/agora.xtec.cat\/ceiplajota\/wp-json\/wp\/v2\/media\/5821"}],"wp:attachment":[{"href":"https:\/\/agora.xtec.cat\/ceiplajota\/wp-json\/wp\/v2\/media?parent=5813"}],"wp:term":[{"taxonomy":"category","embeddable":true,"href":"https:\/\/agora.xtec.cat\/ceiplajota\/wp-json\/wp\/v2\/categories?post=5813"},{"taxonomy":"post_tag","embeddable":true,"href":"https:\/\/agora.xtec.cat\/ceiplajota\/wp-json\/wp\/v2\/tags?post=5813"}],"curies":[{"name":"wp","href":"https:\/\/api.w.org\/{rel}","templated":true}]}}